{"id":7002,"date":"2026-04-30T13:33:01","date_gmt":"2026-04-30T13:33:01","guid":{"rendered":"https:\/\/www.staffsocial.fr\/contenu\/?p=7002"},"modified":"2026-04-30T13:45:19","modified_gmt":"2026-04-30T13:45:19","slug":"les-5-soft-skills-indispensables-dans-le-social-et-medico-social","status":"publish","type":"post","link":"https:\/\/www.staffsocial.fr\/contenu\/les-5-soft-skills-indispensables-dans-le-social-et-medico-social\/","title":{"rendered":"Les 5 soft skills indispensables dans le social et m\u00e9dico-social"},"content":{"rendered":"<p>Dans les secteurs du social et du m\u00e9dico-social, le dipl\u00f4me est la cl\u00e9 d&rsquo;entr\u00e9e. <strong>Mais, \u00e0 comp\u00e9tences techniques \u00e9gales, qu&rsquo;est-ce qui fait la diff\u00e9rence aupr\u00e8s d&rsquo;un recruteur ?<\/strong> La r\u00e9ponse tient en deux mots : <strong><em>soft skill<\/em><em>s<\/em><\/strong> (ou \u00ab\u00a0comp\u00e9tences douces \u00bb).<\/p>\n<p>Ces comp\u00e9tences comportementales, li\u00e9es \u00e0 l&rsquo;intelligence \u00e9motionnelle et relationnelle, sont inh\u00e9rentes aux m\u00e9tiers de l&rsquo;accompagnement. Contrairement \u00e0 d&rsquo;autres secteurs, la relation humaine est le support de l&rsquo;intervention. Par exemple, une expertise technique sur le droit des \u00e9trangers ou sur les protocoles de soin en EHPAD est vaine si elle n\u2019est pas port\u00e9e par une posture adapt\u00e9e.<\/p>\n<p>Pour les recruteurs du secteur,<strong> les <em>soft skills<\/em> sont devenues des crit\u00e8res de s\u00e9lection majeur<\/strong>\u00a0: elles sont le gage d\u2019une meilleure coh\u00e9sion d\u2019\u00e9quipe et d\u2019une prise en charge de qualit\u00e9 pour les usagers.<\/p>\n<p><strong>Ici, nous revenons sur 5 <em>soft skills<\/em> tr\u00e8s recherch\u00e9es et comment les mettre en avant lors de vos candidatures.<\/strong><\/p>\n<h2>Les <em>soft skills<\/em> recherch\u00e9es par les recruteurs du social et m\u00e9dico-social<\/h2>\n<h3>1) L&#8217;empathie et l&rsquo;\u00e9coute active<\/h3>\n<p>Si l\u2019empathie est souvent cit\u00e9e, elle est parfois mal comprise. Dans le social, il ne s&rsquo;agit pas de \u00ab ressentir la souffrance de l&rsquo;autre \u00bb, mais de la <strong>comprendre sans se laisser submerger<\/strong>.<\/p>\n<ul>\n<li><strong>Exemple concret<\/strong> : un <a href=\"https:\/\/www.staffsocial.fr\/offres-emploi-m-assistant-social\" target=\"_blank\" rel=\"noopener\">Assistant de Service Social (ASS)<\/a> re\u00e7oit une personne en situation d&rsquo;expulsion. L\u2019\u00e9coute active consiste ici \u00e0 entendre ce qui n\u2019est pas dit pour instaurer un climat de confiance, sans pour autant promettre l&rsquo;impossible.<\/li>\n<\/ul>\n<h4>Comment valoriser cette soft skill lors d&rsquo;une entretien ?<\/h4>\n<ul>\n<li><strong>D\u00e9crivez vos exp\u00e9riences<\/strong>. Par exemple, au lieu d&rsquo;\u00e9crire \u00ab Accueil des familles \u00bb sur votre CV, pr\u00e9f\u00e9rez \u00ab Recueil et analyse des besoins complexes en entretien individuel \u00bb<\/li>\n<li>En entretien,<strong> parlez de posture<\/strong> et \u00e9voquez des exemples concrets. Par exemple : <em>\u00ab Mon \u00e9coute active me permet de d\u00e9celer les signaux faibles, comme ce jour o\u00f9 j&rsquo;ai compris qu&rsquo;un usager refusait son aide \u00e0 domicile, non par orgueil, mais par peur de ne plus avoir d&rsquo;intimit\u00e9. \u00bb<\/em><\/li>\n<\/ul>\n<h3>2) L&rsquo;intelligence \u00e9motionnelle et la \u00ab juste distance \u00bb<\/h3>\n<p>Travailler dans le m\u00e9dico-social et le social, c&rsquo;est \u00eatre expos\u00e9 quotidiennement \u00e0 la vuln\u00e9rabilit\u00e9, \u00e0 la col\u00e8re ou \u00e0 la d\u00e9tresse. <strong>L\u2019intelligence \u00e9motionnelle permet de r\u00e9guler ses propres \u00e9motions pour rester professionnel<\/strong>.<\/p>\n<ul>\n<li><strong>Exemple concret<\/strong> : un <a href=\"https:\/\/www.staffsocial.fr\/offres-emploi-m-educateur-specialise\" target=\"_blank\" rel=\"noopener\">\u00e9ducateur sp\u00e9cialis\u00e9<\/a> en ITEP fait face \u00e0 l&rsquo;agressivit\u00e9 verbale d&rsquo;un jeune.Sa capacit\u00e9 \u00e0 ne pas prendre l&rsquo;attaque personnellement et \u00e0 analyser l&rsquo;\u00e9motion de l&rsquo;autre permet de d\u00e9samorcer le conflit.<\/li>\n<\/ul>\n<h4>Comment valoriser cette soft skill lors d&rsquo;un entretien ?<\/h4>\n<ul>\n<li>Sur le CV, dans la partie \u00ab Comp\u00e9tences \u00bb, mentionnez \u00ab <strong>Gestion du stress et des situations conflictuelles<\/strong> \u00bb<\/li>\n<li>En entretien, <strong>soyez honn\u00eate sur les difficult\u00e9s<\/strong> et pr\u00e9cisez comment vous r\u00e9agissez face \u00e0 des situations difficiles, avec des exemples concrets.<\/li>\n<\/ul>\n<blockquote><p>Savoir <a href=\"https:\/\/www.staffsocial.fr\/contenu\/poser-ses-limites-quand-on-travaille-dans-la-relation-daide\/\" target=\"_blank\" rel=\"noopener\">poser ses limites<\/a> et garder la juste distance est essentielle lorsque l&rsquo;on travaille dans le secteur du social et m\u00e9dico-social. C&rsquo;est ce qui va pr\u00e9server votre sant\u00e9 mentale et vous prot\u00e9ger du burn-out.<\/p><\/blockquote>\n<h3>3) L&rsquo;adaptabilit\u00e9 et la r\u00e9activit\u00e9 : faire face \u00e0 l&rsquo;impr\u00e9vu<\/h3>\n<p>Au sein des \u00e9tablissements et services sociaux et m\u00e9dico-sociaux (ESSMS), aucune journ\u00e9e ne ressemble \u00e0 la pr\u00e9c\u00e9dente. Urgences m\u00e9dicales, impr\u00e9vus, crise ou fugue&#8230; un planning bien ficel\u00e9 peut vite voler en \u00e9clat et la journ\u00e9e\u00a0 \u00eatre compl\u00e8tement r\u00e9organis\u00e9e.<\/p>\n<ul>\n<li><strong>Exemple concret<\/strong> : une <a href=\"https:\/\/www.staffsocial.fr\/offres-emploi-m-aide-soignant\" target=\"_blank\" rel=\"noopener\">aide-soignante<\/a> en Ehpad doit revoir son planning matinal pour aller pr\u00eater main forte \u00e0 une coll\u00e8gue qui fait face \u00e0 un refus de soin.<\/li>\n<\/ul>\n<h4>Comment valoriser cette soft skill lors d&rsquo;un entretien ?<\/h4>\n<ul>\n<li>Sur votre CV, <strong>mettez en avant la diversit\u00e9 de vos terrains<\/strong> et des publics rencontr\u00e9s. Si vous \u00eates rest\u00e9 dans le m\u00eame \u00e9tablissement mais que vous avez \u00e9volu\u00e9 dans plusieurs services, pr\u00e9cisez-le \u00e9galement.<\/li>\n<li>En entretien, racontez <strong>une situation o\u00f9 vous avez d\u00fb g\u00e9rer un impr\u00e9vu<\/strong> et comment vous y avez fait face. Par exemple : \u00ab <em>Lors d&rsquo;une panne de transport pour une sortie \u00e9ducative, j&rsquo;ai su r\u00e9organiser une activit\u00e9 sur site en 15 minutes, transformant une frustration collective en un atelier improvisation r\u00e9ussi<\/em>.\u00bb<\/li>\n<\/ul>\n<h3>4) Le travail en \u00e9quipe et la transversalit\u00e9<\/h3>\n<p>Le travailleur social n&rsquo;est jamais seul. Il oeuvre au coeur d&rsquo;un \u00e9cosyst\u00e8me (familles, juges, professionnels de sant\u00e9, partenaires&#8230;) et savoir communiquer ses observations de mani\u00e8re fluide est indispensable.<\/p>\n<ul>\n<li><strong>Exemple concret<\/strong> : lors d&rsquo;une r\u00e9union d&rsquo;\u00e9quipe, un <a href=\"https:\/\/www.staffsocial.fr\/offres-emploi-m-moniteur-educateur\" target=\"_blank\" rel=\"noopener\">moniteur-\u00e9ducateur<\/a> doit transmettre des informations claires et objectives \u00e0 ses coll\u00e8gues pour pouvoir, au besoin, r\u00e9ajuster le projet personnalis\u00e9 de l&rsquo;enfant.<\/li>\n<\/ul>\n<h4>Comment valoriser cette soft skill lors d&rsquo;un entretien ?<\/h4>\n<ul>\n<li>Sur votre CV,<strong> utilisez le mot-cl\u00e9 \u00ab travail pluridiciplinaire \u00bb<\/strong> en pr\u00e9cisant les partenaires<\/li>\n<li>En entretien, <strong>valorisez votre communication<\/strong> et les outils que vous avez pu mettre en place pour fluidifier les \u00e9changes avec vos coll\u00e8gues (ex : cahier de liaison simplifi\u00e9&#8230;)<\/li>\n<\/ul>\n<h3>5) La communication non-verbale<\/h3>\n<p>Dans le soin et l&rsquo;accompagnement, la communication passe aussi par le geste. Un regard, une posture ou un ton de voix peuvent rassurer ou, au contraire, braquer une personne vuln\u00e9rable.<\/p>\n<ul>\n<li><strong>Exemple concret<\/strong> : un <a href=\"https:\/\/www.staffsocial.fr\/offres-emploi-m-accompagnant-educatif-et-social-aes\" target=\"_blank\" rel=\"noopener\">accompagnant \u00e9ducatif et social<\/a> (AES) qui se met \u00e0 hauteur d&rsquo;enfant pour lui parler.<\/li>\n<\/ul>\n<h4>Comment valoriser cette soft skill lors d&rsquo;un entretien ?<\/h4>\n<ul>\n<li>Si vous avez suivi des<strong> formations sp\u00e9cifiques<\/strong> (par exemple : communication non-violente, m\u00e9thode Snoezelen&#8230;), pr\u00e9cisez-les.<\/li>\n<li>En entretien, votre corps parle pour vous ! <strong>Adoptez une posture rassurante<\/strong>, un ton calme et maintenez un contact visuel.<\/li>\n<\/ul>\n<p>&#8212;<br \/>\nEn bref, les soft skills ne s&rsquo;apprennent pas \u00e0 l&rsquo;\u00e9cole mais se cultivent tout au long de votre carri\u00e8re, gr\u00e2ce \u00e0 vos app\u00e9tences, exp\u00e9riences et formations.<\/p>\n<p style=\"text-align: center;\"><a class=\"button\" href=\"https:\/\/www.staffsocial.fr\/\" target=\"_blank\" rel=\"noopener noreferrer\">Voir toutes les offres d&#8217;emploi<\/a><\/p>\n","protected":false},"excerpt":{"rendered":"<p>Pour les recruteurs du secteur, les soft skills sont devenues des crit\u00e8res de s\u00e9lection majeur. Comment les valoriser ?<\/p>\n","protected":false},"author":1,"featured_media":7014,"comment_status":"closed","ping_status":"closed","sticky":false,"template":"","format":"standard","meta":{"_acf_changed":false,"footnotes":""},"categories":[2],"tags":[],"class_list":["post-7002","post","type-post","status-publish","format-standard","has-post-thumbnail","hentry","category-actualites"],"acf":[],"yoast_head":"<!-- This site is optimized with the Yoast SEO plugin v27.3 - https:\/\/yoast.com\/product\/yoast-seo-wordpress\/ -->\n<title>5 soft skills indispensables dans le social et m\u00e9dico-social<\/title>\n<meta name=\"description\" content=\"Pour les recruteurs du secteur, les soft skills sont devenues des crit\u00e8res de s\u00e9lection majeur. Comment les valoriser ?\" \/>\n<meta name=\"robots\" content=\"index, follow, max-snippet:-1, max-image-preview:large, max-video-preview:-1\" \/>\n<link rel=\"canonical\" href=\"https:\/\/www.staffsocial.fr\/contenu\/les-5-soft-skills-indispensables-dans-le-social-et-medico-social\/\" \/>\n<meta property=\"og:locale\" content=\"fr_FR\" \/>\n<meta property=\"og:type\" content=\"article\" \/>\n<meta property=\"og:title\" content=\"5 soft skills indispensables dans le social et m\u00e9dico-social\" \/>\n<meta property=\"og:description\" content=\"Pour les recruteurs du secteur, les soft skills sont devenues des crit\u00e8res de s\u00e9lection majeur. Comment les valoriser ?\" \/>\n<meta property=\"og:url\" content=\"https:\/\/www.staffsocial.fr\/contenu\/les-5-soft-skills-indispensables-dans-le-social-et-medico-social\/\" \/>\n<meta property=\"og:site_name\" content=\"Staffsocial\" \/>\n<meta property=\"article:published_time\" content=\"2026-04-30T13:33:01+00:00\" \/>\n<meta property=\"article:modified_time\" content=\"2026-04-30T13:45:19+00:00\" \/>\n<meta property=\"og:image\" content=\"https:\/\/content.staffsocial.fr\/wp-content\/uploads\/2026\/04\/Image-mise-en-avant-15.jpg\" \/>\n\t<meta property=\"og:image:width\" content=\"2000\" \/>\n\t<meta property=\"og:image:height\" content=\"500\" \/>\n\t<meta property=\"og:image:type\" content=\"image\/jpeg\" \/>\n<meta name=\"author\" content=\"Cl\u00e9ment Wasselin\" \/>\n<meta name=\"twitter:card\" content=\"summary_large_image\" \/>\n<meta name=\"twitter:label1\" content=\"\u00c9crit par\" \/>\n\t<meta name=\"twitter:data1\" content=\"Cl\u00e9ment Wasselin\" \/>\n\t<meta name=\"twitter:label2\" content=\"Dur\u00e9e de lecture estim\u00e9e\" \/>\n\t<meta name=\"twitter:data2\" content=\"5 minutes\" \/>\n<script type=\"application\/ld+json\" class=\"yoast-schema-graph\">{\"@context\":\"https:\\\/\\\/schema.org\",\"@graph\":[{\"@type\":\"Article\",\"@id\":\"https:\\\/\\\/www.staffsocial.fr\\\/contenu\\\/les-5-soft-skills-indispensables-dans-le-social-et-medico-social\\\/#article\",\"isPartOf\":{\"@id\":\"https:\\\/\\\/www.staffsocial.fr\\\/contenu\\\/les-5-soft-skills-indispensables-dans-le-social-et-medico-social\\\/\"},\"author\":{\"name\":\"Cl\u00e9ment Wasselin\",\"@id\":\"https:\\\/\\\/www.staffsocial.fr\\\/contenu\\\/#\\\/schema\\\/person\\\/4088b17fbb089dddcc7a7cffeea82499\"},\"headline\":\"Les 5 soft skills indispensables dans le social et m\u00e9dico-social\",\"datePublished\":\"2026-04-30T13:33:01+00:00\",\"dateModified\":\"2026-04-30T13:45:19+00:00\",\"mainEntityOfPage\":{\"@id\":\"https:\\\/\\\/www.staffsocial.fr\\\/contenu\\\/les-5-soft-skills-indispensables-dans-le-social-et-medico-social\\\/\"},\"wordCount\":933,\"publisher\":{\"@id\":\"https:\\\/\\\/www.staffsocial.fr\\\/contenu\\\/#organization\"},\"image\":{\"@id\":\"https:\\\/\\\/www.staffsocial.fr\\\/contenu\\\/les-5-soft-skills-indispensables-dans-le-social-et-medico-social\\\/#primaryimage\"},\"thumbnailUrl\":\"https:\\\/\\\/content.staffsocial.fr\\\/wp-content\\\/uploads\\\/2026\\\/04\\\/Image-mise-en-avant-15.jpg\",\"articleSection\":[\"Actualit\u00e9s\"],\"inLanguage\":\"fr-FR\"},{\"@type\":\"WebPage\",\"@id\":\"https:\\\/\\\/www.staffsocial.fr\\\/contenu\\\/les-5-soft-skills-indispensables-dans-le-social-et-medico-social\\\/\",\"url\":\"https:\\\/\\\/www.staffsocial.fr\\\/contenu\\\/les-5-soft-skills-indispensables-dans-le-social-et-medico-social\\\/\",\"name\":\"5 soft skills indispensables dans le social et m\u00e9dico-social\",\"isPartOf\":{\"@id\":\"https:\\\/\\\/www.staffsocial.fr\\\/contenu\\\/#website\"},\"primaryImageOfPage\":{\"@id\":\"https:\\\/\\\/www.staffsocial.fr\\\/contenu\\\/les-5-soft-skills-indispensables-dans-le-social-et-medico-social\\\/#primaryimage\"},\"image\":{\"@id\":\"https:\\\/\\\/www.staffsocial.fr\\\/contenu\\\/les-5-soft-skills-indispensables-dans-le-social-et-medico-social\\\/#primaryimage\"},\"thumbnailUrl\":\"https:\\\/\\\/content.staffsocial.fr\\\/wp-content\\\/uploads\\\/2026\\\/04\\\/Image-mise-en-avant-15.jpg\",\"datePublished\":\"2026-04-30T13:33:01+00:00\",\"dateModified\":\"2026-04-30T13:45:19+00:00\",\"description\":\"Pour les recruteurs du secteur, les soft skills sont devenues des crit\u00e8res de s\u00e9lection majeur. Comment les valoriser ?\",\"breadcrumb\":{\"@id\":\"https:\\\/\\\/www.staffsocial.fr\\\/contenu\\\/les-5-soft-skills-indispensables-dans-le-social-et-medico-social\\\/#breadcrumb\"},\"inLanguage\":\"fr-FR\",\"potentialAction\":[{\"@type\":\"ReadAction\",\"target\":[\"https:\\\/\\\/www.staffsocial.fr\\\/contenu\\\/les-5-soft-skills-indispensables-dans-le-social-et-medico-social\\\/\"]}]},{\"@type\":\"ImageObject\",\"inLanguage\":\"fr-FR\",\"@id\":\"https:\\\/\\\/www.staffsocial.fr\\\/contenu\\\/les-5-soft-skills-indispensables-dans-le-social-et-medico-social\\\/#primaryimage\",\"url\":\"https:\\\/\\\/content.staffsocial.fr\\\/wp-content\\\/uploads\\\/2026\\\/04\\\/Image-mise-en-avant-15.jpg\",\"contentUrl\":\"https:\\\/\\\/content.staffsocial.fr\\\/wp-content\\\/uploads\\\/2026\\\/04\\\/Image-mise-en-avant-15.jpg\",\"width\":2000,\"height\":500,\"caption\":\"soft skills travail social\"},{\"@type\":\"BreadcrumbList\",\"@id\":\"https:\\\/\\\/www.staffsocial.fr\\\/contenu\\\/les-5-soft-skills-indispensables-dans-le-social-et-medico-social\\\/#breadcrumb\",\"itemListElement\":[{\"@type\":\"ListItem\",\"position\":1,\"name\":\"Home\",\"item\":\"https:\\\/\\\/www.staffsocial.fr\\\/contenu\\\/\"},{\"@type\":\"ListItem\",\"position\":2,\"name\":\"Les 5 soft skills indispensables dans le social et m\u00e9dico-social\"}]},{\"@type\":\"WebSite\",\"@id\":\"https:\\\/\\\/www.staffsocial.fr\\\/contenu\\\/#website\",\"url\":\"https:\\\/\\\/www.staffsocial.fr\\\/contenu\\\/\",\"name\":\"Staffsocial\",\"description\":\"Offres d&#039;emploi et actualit\u00e9s des professionnels de sant\u00e9\",\"publisher\":{\"@id\":\"https:\\\/\\\/www.staffsocial.fr\\\/contenu\\\/#organization\"},\"potentialAction\":[{\"@type\":\"SearchAction\",\"target\":{\"@type\":\"EntryPoint\",\"urlTemplate\":\"https:\\\/\\\/www.staffsocial.fr\\\/contenu\\\/?s={search_term_string}\"},\"query-input\":{\"@type\":\"PropertyValueSpecification\",\"valueRequired\":true,\"valueName\":\"search_term_string\"}}],\"inLanguage\":\"fr-FR\"},{\"@type\":\"Organization\",\"@id\":\"https:\\\/\\\/www.staffsocial.fr\\\/contenu\\\/#organization\",\"name\":\"Staffsocial\",\"url\":\"https:\\\/\\\/www.staffsocial.fr\\\/contenu\\\/\",\"logo\":{\"@type\":\"ImageObject\",\"inLanguage\":\"fr-FR\",\"@id\":\"https:\\\/\\\/www.staffsocial.fr\\\/contenu\\\/#\\\/schema\\\/logo\\\/image\\\/\",\"url\":\"https:\\\/\\\/content.staffsocial.fr\\\/wp-content\\\/uploads\\\/2019\\\/11\\\/logo-staffsocial_RGB_fond_blanc.jpg\",\"contentUrl\":\"https:\\\/\\\/content.staffsocial.fr\\\/wp-content\\\/uploads\\\/2019\\\/11\\\/logo-staffsocial_RGB_fond_blanc.jpg\",\"width\":2225,\"height\":592,\"caption\":\"Staffsocial\"},\"image\":{\"@id\":\"https:\\\/\\\/www.staffsocial.fr\\\/contenu\\\/#\\\/schema\\\/logo\\\/image\\\/\"}},{\"@type\":\"Person\",\"@id\":\"https:\\\/\\\/www.staffsocial.fr\\\/contenu\\\/#\\\/schema\\\/person\\\/4088b17fbb089dddcc7a7cffeea82499\",\"name\":\"Cl\u00e9ment Wasselin\",\"image\":{\"@type\":\"ImageObject\",\"inLanguage\":\"fr-FR\",\"@id\":\"https:\\\/\\\/secure.gravatar.com\\\/avatar\\\/519c2bb318af16abc2306be78ea406d741de81953d506b5def07362b351f5020?s=96&d=mm&r=g\",\"url\":\"https:\\\/\\\/secure.gravatar.com\\\/avatar\\\/519c2bb318af16abc2306be78ea406d741de81953d506b5def07362b351f5020?s=96&d=mm&r=g\",\"contentUrl\":\"https:\\\/\\\/secure.gravatar.com\\\/avatar\\\/519c2bb318af16abc2306be78ea406d741de81953d506b5def07362b351f5020?s=96&d=mm&r=g\",\"caption\":\"Cl\u00e9ment Wasselin\"},\"url\":\"https:\\\/\\\/www.staffsocial.fr\\\/contenu\\\/author\\\/admin_social_content\\\/\"}]}<\/script>\n<!-- \/ Yoast SEO plugin. -->","yoast_head_json":{"title":"5 soft skills indispensables dans le social et m\u00e9dico-social","description":"Pour les recruteurs du secteur, les soft skills sont devenues des crit\u00e8res de s\u00e9lection majeur. Comment les valoriser ?","robots":{"index":"index","follow":"follow","max-snippet":"max-snippet:-1","max-image-preview":"max-image-preview:large","max-video-preview":"max-video-preview:-1"},"canonical":"https:\/\/www.staffsocial.fr\/contenu\/les-5-soft-skills-indispensables-dans-le-social-et-medico-social\/","og_locale":"fr_FR","og_type":"article","og_title":"5 soft skills indispensables dans le social et m\u00e9dico-social","og_description":"Pour les recruteurs du secteur, les soft skills sont devenues des crit\u00e8res de s\u00e9lection majeur. Comment les valoriser ?","og_url":"https:\/\/www.staffsocial.fr\/contenu\/les-5-soft-skills-indispensables-dans-le-social-et-medico-social\/","og_site_name":"Staffsocial","article_published_time":"2026-04-30T13:33:01+00:00","article_modified_time":"2026-04-30T13:45:19+00:00","og_image":[{"width":2000,"height":500,"url":"https:\/\/content.staffsocial.fr\/wp-content\/uploads\/2026\/04\/Image-mise-en-avant-15.jpg","type":"image\/jpeg"}],"author":"Cl\u00e9ment Wasselin","twitter_card":"summary_large_image","twitter_misc":{"\u00c9crit par":"Cl\u00e9ment Wasselin","Dur\u00e9e de lecture estim\u00e9e":"5 minutes"},"schema":{"@context":"https:\/\/schema.org","@graph":[{"@type":"Article","@id":"https:\/\/www.staffsocial.fr\/contenu\/les-5-soft-skills-indispensables-dans-le-social-et-medico-social\/#article","isPartOf":{"@id":"https:\/\/www.staffsocial.fr\/contenu\/les-5-soft-skills-indispensables-dans-le-social-et-medico-social\/"},"author":{"name":"Cl\u00e9ment Wasselin","@id":"https:\/\/www.staffsocial.fr\/contenu\/#\/schema\/person\/4088b17fbb089dddcc7a7cffeea82499"},"headline":"Les 5 soft skills indispensables dans le social et m\u00e9dico-social","datePublished":"2026-04-30T13:33:01+00:00","dateModified":"2026-04-30T13:45:19+00:00","mainEntityOfPage":{"@id":"https:\/\/www.staffsocial.fr\/contenu\/les-5-soft-skills-indispensables-dans-le-social-et-medico-social\/"},"wordCount":933,"publisher":{"@id":"https:\/\/www.staffsocial.fr\/contenu\/#organization"},"image":{"@id":"https:\/\/www.staffsocial.fr\/contenu\/les-5-soft-skills-indispensables-dans-le-social-et-medico-social\/#primaryimage"},"thumbnailUrl":"https:\/\/content.staffsocial.fr\/wp-content\/uploads\/2026\/04\/Image-mise-en-avant-15.jpg","articleSection":["Actualit\u00e9s"],"inLanguage":"fr-FR"},{"@type":"WebPage","@id":"https:\/\/www.staffsocial.fr\/contenu\/les-5-soft-skills-indispensables-dans-le-social-et-medico-social\/","url":"https:\/\/www.staffsocial.fr\/contenu\/les-5-soft-skills-indispensables-dans-le-social-et-medico-social\/","name":"5 soft skills indispensables dans le social et m\u00e9dico-social","isPartOf":{"@id":"https:\/\/www.staffsocial.fr\/contenu\/#website"},"primaryImageOfPage":{"@id":"https:\/\/www.staffsocial.fr\/contenu\/les-5-soft-skills-indispensables-dans-le-social-et-medico-social\/#primaryimage"},"image":{"@id":"https:\/\/www.staffsocial.fr\/contenu\/les-5-soft-skills-indispensables-dans-le-social-et-medico-social\/#primaryimage"},"thumbnailUrl":"https:\/\/content.staffsocial.fr\/wp-content\/uploads\/2026\/04\/Image-mise-en-avant-15.jpg","datePublished":"2026-04-30T13:33:01+00:00","dateModified":"2026-04-30T13:45:19+00:00","description":"Pour les recruteurs du secteur, les soft skills sont devenues des crit\u00e8res de s\u00e9lection majeur. Comment les valoriser ?","breadcrumb":{"@id":"https:\/\/www.staffsocial.fr\/contenu\/les-5-soft-skills-indispensables-dans-le-social-et-medico-social\/#breadcrumb"},"inLanguage":"fr-FR","potentialAction":[{"@type":"ReadAction","target":["https:\/\/www.staffsocial.fr\/contenu\/les-5-soft-skills-indispensables-dans-le-social-et-medico-social\/"]}]},{"@type":"ImageObject","inLanguage":"fr-FR","@id":"https:\/\/www.staffsocial.fr\/contenu\/les-5-soft-skills-indispensables-dans-le-social-et-medico-social\/#primaryimage","url":"https:\/\/content.staffsocial.fr\/wp-content\/uploads\/2026\/04\/Image-mise-en-avant-15.jpg","contentUrl":"https:\/\/content.staffsocial.fr\/wp-content\/uploads\/2026\/04\/Image-mise-en-avant-15.jpg","width":2000,"height":500,"caption":"soft skills travail social"},{"@type":"BreadcrumbList","@id":"https:\/\/www.staffsocial.fr\/contenu\/les-5-soft-skills-indispensables-dans-le-social-et-medico-social\/#breadcrumb","itemListElement":[{"@type":"ListItem","position":1,"name":"Home","item":"https:\/\/www.staffsocial.fr\/contenu\/"},{"@type":"ListItem","position":2,"name":"Les 5 soft skills indispensables dans le social et m\u00e9dico-social"}]},{"@type":"WebSite","@id":"https:\/\/www.staffsocial.fr\/contenu\/#website","url":"https:\/\/www.staffsocial.fr\/contenu\/","name":"Staffsocial","description":"Offres d&#039;emploi et actualit\u00e9s des professionnels de sant\u00e9","publisher":{"@id":"https:\/\/www.staffsocial.fr\/contenu\/#organization"},"potentialAction":[{"@type":"SearchAction","target":{"@type":"EntryPoint","urlTemplate":"https:\/\/www.staffsocial.fr\/contenu\/?s={search_term_string}"},"query-input":{"@type":"PropertyValueSpecification","valueRequired":true,"valueName":"search_term_string"}}],"inLanguage":"fr-FR"},{"@type":"Organization","@id":"https:\/\/www.staffsocial.fr\/contenu\/#organization","name":"Staffsocial","url":"https:\/\/www.staffsocial.fr\/contenu\/","logo":{"@type":"ImageObject","inLanguage":"fr-FR","@id":"https:\/\/www.staffsocial.fr\/contenu\/#\/schema\/logo\/image\/","url":"https:\/\/content.staffsocial.fr\/wp-content\/uploads\/2019\/11\/logo-staffsocial_RGB_fond_blanc.jpg","contentUrl":"https:\/\/content.staffsocial.fr\/wp-content\/uploads\/2019\/11\/logo-staffsocial_RGB_fond_blanc.jpg","width":2225,"height":592,"caption":"Staffsocial"},"image":{"@id":"https:\/\/www.staffsocial.fr\/contenu\/#\/schema\/logo\/image\/"}},{"@type":"Person","@id":"https:\/\/www.staffsocial.fr\/contenu\/#\/schema\/person\/4088b17fbb089dddcc7a7cffeea82499","name":"Cl\u00e9ment Wasselin","image":{"@type":"ImageObject","inLanguage":"fr-FR","@id":"https:\/\/secure.gravatar.com\/avatar\/519c2bb318af16abc2306be78ea406d741de81953d506b5def07362b351f5020?s=96&d=mm&r=g","url":"https:\/\/secure.gravatar.com\/avatar\/519c2bb318af16abc2306be78ea406d741de81953d506b5def07362b351f5020?s=96&d=mm&r=g","contentUrl":"https:\/\/secure.gravatar.com\/avatar\/519c2bb318af16abc2306be78ea406d741de81953d506b5def07362b351f5020?s=96&d=mm&r=g","caption":"Cl\u00e9ment Wasselin"},"url":"https:\/\/www.staffsocial.fr\/contenu\/author\/admin_social_content\/"}]}},"_links":{"self":[{"href":"https:\/\/www.staffsocial.fr\/contenu\/wp-json\/wp\/v2\/posts\/7002","targetHints":{"allow":["GET"]}}],"collection":[{"href":"https:\/\/www.staffsocial.fr\/contenu\/wp-json\/wp\/v2\/posts"}],"about":[{"href":"https:\/\/www.staffsocial.fr\/contenu\/wp-json\/wp\/v2\/types\/post"}],"author":[{"embeddable":true,"href":"https:\/\/www.staffsocial.fr\/contenu\/wp-json\/wp\/v2\/users\/1"}],"replies":[{"embeddable":true,"href":"https:\/\/www.staffsocial.fr\/contenu\/wp-json\/wp\/v2\/comments?post=7002"}],"version-history":[{"count":11,"href":"https:\/\/www.staffsocial.fr\/contenu\/wp-json\/wp\/v2\/posts\/7002\/revisions"}],"predecessor-version":[{"id":7013,"href":"https:\/\/www.staffsocial.fr\/contenu\/wp-json\/wp\/v2\/posts\/7002\/revisions\/7013"}],"wp:featuredmedia":[{"embeddable":true,"href":"https:\/\/www.staffsocial.fr\/contenu\/wp-json\/wp\/v2\/media\/7014"}],"wp:attachment":[{"href":"https:\/\/www.staffsocial.fr\/contenu\/wp-json\/wp\/v2\/media?parent=7002"}],"wp:term":[{"taxonomy":"category","embeddable":true,"href":"https:\/\/www.staffsocial.fr\/contenu\/wp-json\/wp\/v2\/categories?post=7002"},{"taxonomy":"post_tag","embeddable":true,"href":"https:\/\/www.staffsocial.fr\/contenu\/wp-json\/wp\/v2\/tags?post=7002"}],"curies":[{"name":"wp","href":"https:\/\/api.w.org\/{rel}","templated":true}]}}