{"id":6899,"date":"2026-02-11T15:47:53","date_gmt":"2026-02-11T15:47:53","guid":{"rendered":"https:\/\/www.staffsocial.fr\/contenu\/?p=6899"},"modified":"2026-02-27T10:38:50","modified_gmt":"2026-02-27T10:38:50","slug":"fatigue-cognitive-comment-y-faire-face-quand-on-travaille-dans-le-medico-social-et-le-social","status":"publish","type":"post","link":"https:\/\/www.staffsocial.fr\/contenu\/fatigue-cognitive-comment-y-faire-face-quand-on-travaille-dans-le-medico-social-et-le-social\/","title":{"rendered":"Fatigue cognitive : comment y faire face quand on travaille dans le m\u00e9dico-social et le social ?"},"content":{"rendered":"<p>Dans les m\u00e9tiers du social et m\u00e9dico-social, on parle souvent de fatigue physique ou d&rsquo;\u00e9puisement \u00e9motionnel. Beaucoup moins de fatigue cognitive.<\/p>\n<p>Vous rentrez chez vous \u00e9puis\u00e9 sans avoir fait d&rsquo;efforts physiques particuliers ? <strong>Vous \u00eates incapable de r\u00e9fl\u00e9chir, de prendre une d\u00e9cision simple et parfois m\u00eame r\u00e9pondre \u00e0 un message ?<\/strong> Votre cerveau semble satur\u00e9 ?<\/p>\n<p>Ce n&rsquo;est pas un manque de motivation ni une faiblesse.<strong> C&rsquo;est peut-\u00eatre juste de la <a href=\"https:\/\/www.instagram.com\/p\/DOdTmy6jH4n\/\" target=\"_blank\" rel=\"noopener\">fatigue cognitive<\/a>.<\/strong><\/p>\n<h2>Qu&rsquo;est-ce que la fatigue cognitive ?<\/h2>\n<p>La fatigue cognitive correspond \u00e0 une <strong>saturation des fonctions ex\u00e9cutives<\/strong>, c&rsquo;est-\u00e0-dire les ressources mentales utilis\u00e9es entre autres pour :<\/p>\n<ul>\n<li>analyser des situations complexes<\/li>\n<li>prendre des d\u00e9cisions<\/li>\n<li>r\u00e9soudre des probl\u00e8mes<\/li>\n<li>g\u00e9rer des informations multiples<\/li>\n<li>r\u00e9guler ses \u00e9motions<\/li>\n<li>s&rsquo;adapter\u00a0 \u00e0 l&rsquo;impr\u00e9vu<\/li>\n<\/ul>\n<p>Dans les m\u00e9tiers du m\u00e9dico-social et du social, <strong>ces capacit\u00e9s sont mobilis\u00e9es en permanence.<\/strong><\/p>\n<h2>Fatigue cognitive : pourquoi les professionnels du m\u00e9dico-social et du social sont particuli\u00e8rement expos\u00e9s ?<\/h2>\n<p>Les travailleurs sociaux, et plus globalement les m\u00e9tiers de l&rsquo;accompagnement, \u00e9voluent dans des <strong>contextes parfois compliqu\u00e9s et \u00e9motionnellement denses<\/strong>. L&rsquo;ensemble de leurs interactions demandent une <strong>disponibilit\u00e9 r\u00e9elle<\/strong>, une \u00e9coute active et une <strong>hypervigilance constante<\/strong>, ce qui peut conduire \u00e0 la fatigue cognitive.<\/p>\n<h3>Une surcharge d\u00e9cisionnelle permanente<\/h3>\n<p>Chaque journ\u00e9e implique des arbitrages parfois lourds de cons\u00e9quences.<\/p>\n<p><em>Faut-il signaler cette situation ?<\/em><br \/>\n<em>Cette personne peut-elle rentrer \u00e0 domicile ?<\/em><br \/>\n<em>Quelle est la meilleure solution d&rsquo;urgence pour accueillir un enfant ?<\/em><br \/>\n<em>Est-ce une crise ponctuelle ou un risque imminent ?<\/em><br \/>\n<em>Comment prioriser deux urgences simultan\u00e9es ?<\/em><\/p>\n<p>Anticiper les risques, s&rsquo;adapter en permanence, limiter les cons\u00e9quences&#8230; <strong>chaque d\u00e9cision engage la responsabilit\u00e9 des professionnels et peuvent consommer beaucoup d&rsquo;\u00e9nergie mentale<\/strong>, notamment dans certains secteurs, comme la protection de l&rsquo;enfance par exemple.<\/p>\n<h3>L&rsquo;hypervigilance \u00e9motionnelle<\/h3>\n<p>Les travailleurs sociaux ont souvent une position rassurante et constitue un rep\u00e8re pour les personnes accompagn\u00e9es. Face aux situations parfois violents ou bouleversantes, <strong>leur r\u00f4le est de rester contenant, stable et rassurants, ce qui \u00eatre extr\u00eamement \u00e9nergivore<\/strong>. Accueillir la d\u00e9tresse d&rsquo;un parent en pleurs, g\u00e9rer l&rsquo;aggressivit\u00e9 d&rsquo;un usager, recevoir le r\u00e9cit d&rsquo;un traumatisme ou encore devoir maintenir le cadre face \u00e0 des comportements \u00e0 risque sont des situations courantes lorsque l&rsquo;on travaille dans le milieu du m\u00e9dico-social et du social.<\/p>\n<p><strong>R\u00e9guler ses propres \u00e9motions<\/strong> pour rester professionnel peut entra\u00eener une r\u00e9elle fatigue cognitive sur le long terme.<\/p>\n<h3>Le conflit de valeur<\/h3>\n<p>C&rsquo;est l&rsquo;un des aspects les plus \u00e9puisants dans les m\u00e9tiers de l&rsquo;accompagnement.<strong> Les professionnels du social sont souvent tiraill\u00e9s entre un besoin humain<\/strong>, une situation de vuln\u00e9rabilit\u00e9 <strong>et un manque de moyens<\/strong> ou de places.<\/p>\n<p>Pour y faire face, le professionnel ajuste, r\u00e9fl\u00e9chit, compense ou justifie. Cette <strong>tension entre l&rsquo;\u00e9thique professionnelle et les contraintes institutionnelles<\/strong> g\u00e9n\u00e8re une gymnastique mentale qui finit par user.<\/p>\n<p style=\"text-align: center;\"><img loading=\"lazy\" decoding=\"async\" class=\"aligncenter wp-image-6908\" src=\"https:\/\/content.staffsocial.fr\/wp-content\/uploads\/2026\/02\/portrait-tired-man-rubbing-his-eyes-after-looking-laptop-screen-working-computer-sitting-cafe-having-break-taking-off-his-glasses-1024x397.jpg\" alt=\"fatigue burn out\" width=\"555\" height=\"215\" srcset=\"https:\/\/content.staffsocial.fr\/wp-content\/uploads\/2026\/02\/portrait-tired-man-rubbing-his-eyes-after-looking-laptop-screen-working-computer-sitting-cafe-having-break-taking-off-his-glasses-1024x397.jpg 1024w, https:\/\/content.staffsocial.fr\/wp-content\/uploads\/2026\/02\/portrait-tired-man-rubbing-his-eyes-after-looking-laptop-screen-working-computer-sitting-cafe-having-break-taking-off-his-glasses-300x116.jpg 300w, https:\/\/content.staffsocial.fr\/wp-content\/uploads\/2026\/02\/portrait-tired-man-rubbing-his-eyes-after-looking-laptop-screen-working-computer-sitting-cafe-having-break-taking-off-his-glasses-350x136.jpg 350w, https:\/\/content.staffsocial.fr\/wp-content\/uploads\/2026\/02\/portrait-tired-man-rubbing-his-eyes-after-looking-laptop-screen-working-computer-sitting-cafe-having-break-taking-off-his-glasses-768x298.jpg 768w, https:\/\/content.staffsocial.fr\/wp-content\/uploads\/2026\/02\/portrait-tired-man-rubbing-his-eyes-after-looking-laptop-screen-working-computer-sitting-cafe-having-break-taking-off-his-glasses.jpg 1200w\" sizes=\"auto, (max-width: 555px) 100vw, 555px\" \/><\/p>\n<h2>Fatigue cognitive : comment la rep\u00e9rer ?<\/h2>\n<p>La fatigue cognitive ne se manifeste pas toujours par un effondrement spectaculaire mais<strong> s&rsquo;installe subtilement<\/strong>, ce qui peut la rendre difficile \u00e0 rep\u00e9rer.<\/p>\n<p>Parmi les signaux d&rsquo;alertes, on retrouve :<\/p>\n<ul>\n<li>Difficult\u00e9 \u00e0 prendre des d\u00e9cisions simples<\/li>\n<li>Impression d&rsquo;avoir \u00ab\u00a0le cerveau satur\u00e9\u00a0\u00bb<\/li>\n<li>Besoin de silence absolu en fin de journ\u00e9e<\/li>\n<li>Difficult\u00e9 \u00e0 se concentrer ou \u00e0 m\u00e9moriser des \u00e9l\u00e9ments (en relisant plusieurs fois la m\u00eame information ou le m\u00eame mail par exemple sans en comprendre le sens)<\/li>\n<li>Erreurs d&rsquo;inattention dans les transmissions<\/li>\n<li>Difficult\u00e9 \u00e0 d\u00e9marrer une activit\u00e9<\/li>\n<li>Irritabilit\u00e9 inhabituelle<\/li>\n<li>Sensibilit\u00e9 accrue aux stimuli<\/li>\n<li>Perte d&#8217;empathie<\/li>\n<\/ul>\n<blockquote><p>Fatigue cognitive ou burn-out ?<br \/>\nContrairement au burn-out, la fatigue cognitive peut \u00eatre ponctuelle et r\u00e9versible. Le burn-out s&rsquo;installe dans la dur\u00e9e et associe un \u00e9puisement \u00e9motionnel profond, une d\u00e9personnalisation et une perte de sens.<br \/>\n\u26a0\ufe0f La fatigue cognitive r\u00e9p\u00e9t\u00e9e, lorsqu&rsquo;elle n&rsquo;est pas reconnue ni prise en compte, peut constituer un facteur de risque d&rsquo;\u00e9puisement professionnel.<\/p><\/blockquote>\n<h2>Fatigue cognitive : comment la limiter ?<\/h2>\n<p>Dans les m\u00e9tiers du m\u00e9dico-social et du social, <strong>la fatigue cognitive n&rsquo;est pas un signe de faiblesse mais souvent d&rsquo;un engagement fort<\/strong> au sein des situations humaines complexes. La nommer et la reconna\u00eetre est d\u00e9j\u00e0 une premi\u00e8re \u00e9tape pour y faire face.<\/p>\n<h3>Comment agir \u00e0 titre individuel ?<\/h3>\n<p>Pour pr\u00e9server ses ressources mentales et limiter la fatigue, voici quelques pratiques utiles \u00e0 mettre en place :<\/p>\n<ul>\n<li><strong>Communiquer<\/strong> avec ses coll\u00e8gues et ne pas rester seul face \u00e0 des difficult\u00e9s<\/li>\n<li><strong>Eclaircir une situation complex<\/strong>e et demander de l&rsquo;aide plut\u00f4t que de la ruminer<\/li>\n<li>Rep\u00e9rer ses propres <strong>signaux d&rsquo;alertes<\/strong><\/li>\n<li>Savoir dire stop et<a href=\"https:\/\/www.staffsocial.fr\/contenu\/poser-ses-limites-quand-on-travaille-dans-la-relation-daide\/\" target=\"_blank\" rel=\"noopener\"><strong> poser ses limites<\/strong><\/a><\/li>\n<li>Ritualiser une <strong>vraie coupure<\/strong> apr\u00e8s le travail (marche, changement de tenue, musique&#8230;)<\/li>\n<li><strong>Prioriser ses actions<\/strong> et \u00e9tablir une organisation qui limite les micro-actions inutiles et \u00e9nergivores<\/li>\n<li>Conna\u00eetre son <strong>moyen de d\u00e9compression<\/strong> (sport, verre avec des amis, moments de solitude&#8230;) et le respecter<\/li>\n<li>Participer aux <strong>\u00e9changes d&rsquo;analyses de pratiques<\/strong><\/li>\n<\/ul>\n<h3>Comment agir en tant que structure ?<\/h3>\n<p>La pr\u00e9vention ne peut pas reposer uniquement sur les individus. Les \u00e9tablissements sociaux et m\u00e9dico-sociaux ont un r\u00f4le essentiel pour veiller au bien-\u00eatre de leurs professionnels. Parmi leurs missions :<\/p>\n<ul>\n<li><strong>Clarifier les priorit\u00e9s<\/strong> pour \u00e9viter la dispersion mentale<\/li>\n<li>S\u00e9curiser les <strong>prises de d\u00e9cisions collectives<\/strong><\/li>\n<li><strong>Limiter la surcharge administrative<\/strong> inutile et veiller &#8211; plus globalement &#8211; \u00e0 la bonne r\u00e9partition du travail entre les membres de l&rsquo;\u00e9quipe<\/li>\n<li>Favoriser les <strong>temps de d\u00e9briefing<\/strong> apr\u00e8s des situations difficiles<\/li>\n<li>Encourager les <strong>groupes d&rsquo;analyses de pratiques<\/strong><\/li>\n<li>Rester \u00e0 l&rsquo;\u00e9coute des professionnels pour <strong>d\u00e9celer des signaux faibles<\/strong><\/li>\n<li><strong>Reconna\u00eetre la charge mentale du travail<\/strong> et mettre en oeuvre des solutions<\/li>\n<\/ul>\n<p>&#8212;<\/p>\n<p>Dans les m\u00e9tiers du m\u00e9dico-social et du social, la fatigue cognitive doit donc \u00eatre per\u00e7ue comme un signal avant un \u00e9puisement professionnel. R\u00e9agir et mettre en place des solutions adapt\u00e9es permet de garantir une qualit\u00e9 d&rsquo;accompagnement aupr\u00e8s des personnes fragilis\u00e9es.<\/p>\n<p style=\"text-align: center;\"><img loading=\"lazy\" decoding=\"async\" class=\"aligncenter wp-image-6910\" src=\"https:\/\/content.staffsocial.fr\/wp-content\/uploads\/2026\/02\/meeting-table-networking-sharing-concept-1024x684.jpg\" alt=\"groupe coll\u00e8gues discussion\" width=\"452\" height=\"302\" srcset=\"https:\/\/content.staffsocial.fr\/wp-content\/uploads\/2026\/02\/meeting-table-networking-sharing-concept-1024x684.jpg 1024w, https:\/\/content.staffsocial.fr\/wp-content\/uploads\/2026\/02\/meeting-table-networking-sharing-concept-300x200.jpg 300w, https:\/\/content.staffsocial.fr\/wp-content\/uploads\/2026\/02\/meeting-table-networking-sharing-concept-350x234.jpg 350w, https:\/\/content.staffsocial.fr\/wp-content\/uploads\/2026\/02\/meeting-table-networking-sharing-concept-768x513.jpg 768w, https:\/\/content.staffsocial.fr\/wp-content\/uploads\/2026\/02\/meeting-table-networking-sharing-concept.jpg 1200w\" sizes=\"auto, (max-width: 452px) 100vw, 452px\" \/><\/p>\n<p>&nbsp;<\/p>\n","protected":false},"excerpt":{"rendered":"<p>Dans les m\u00e9tiers du social et m\u00e9dico-social, on parle souvent de fatigue physique ou d&rsquo;\u00e9puisement \u00e9motionnel. Beaucoup moins de fatigue cognitive. Vous rentrez chez vous \u00e9puis\u00e9 sans avoir fait d&rsquo;efforts physiques particuliers ? Vous \u00eates incapable de r\u00e9fl\u00e9chir, de prendre une d\u00e9cision simple et parfois m\u00eame r\u00e9pondre \u00e0 un message ? Votre cerveau semble satur\u00e9 [&hellip;]<\/p>\n","protected":false},"author":1,"featured_media":6906,"comment_status":"closed","ping_status":"closed","sticky":false,"template":"","format":"standard","meta":{"_acf_changed":false,"footnotes":""},"categories":[2],"tags":[],"class_list":["post-6899","post","type-post","status-publish","format-standard","has-post-thumbnail","hentry","category-actualites"],"acf":[],"yoast_head":"<!-- This site is optimized with the Yoast SEO plugin v27.3 - https:\/\/yoast.com\/product\/yoast-seo-wordpress\/ -->\n<title>Fatigue cognitive dans le social : comment y faire face ?<\/title>\n<meta name=\"description\" content=\"D\u00e9tecter les signes de la fatigue cognitive dans les m\u00e9tiers du social et m\u00e9dico-social pour \u00e9viter l&#039;\u00e9puisement professionnel.\" \/>\n<meta name=\"robots\" content=\"index, follow, max-snippet:-1, max-image-preview:large, max-video-preview:-1\" \/>\n<link rel=\"canonical\" href=\"https:\/\/www.staffsocial.fr\/contenu\/fatigue-cognitive-comment-y-faire-face-quand-on-travaille-dans-le-medico-social-et-le-social\/\" \/>\n<meta property=\"og:locale\" content=\"fr_FR\" \/>\n<meta property=\"og:type\" content=\"article\" \/>\n<meta property=\"og:title\" content=\"Fatigue cognitive dans le social : comment y faire face ?\" \/>\n<meta property=\"og:description\" content=\"D\u00e9tecter les signes de la fatigue cognitive dans les m\u00e9tiers du social et m\u00e9dico-social pour \u00e9viter l&#039;\u00e9puisement professionnel.\" \/>\n<meta property=\"og:url\" content=\"https:\/\/www.staffsocial.fr\/contenu\/fatigue-cognitive-comment-y-faire-face-quand-on-travaille-dans-le-medico-social-et-le-social\/\" \/>\n<meta property=\"og:site_name\" content=\"Staffsocial\" \/>\n<meta property=\"article:published_time\" content=\"2026-02-11T15:47:53+00:00\" \/>\n<meta property=\"article:modified_time\" content=\"2026-02-27T10:38:50+00:00\" \/>\n<meta property=\"og:image\" content=\"https:\/\/content.staffsocial.fr\/wp-content\/uploads\/2026\/02\/Image-secondaire-41.png\" \/>\n\t<meta property=\"og:image:width\" content=\"700\" \/>\n\t<meta property=\"og:image:height\" content=\"420\" \/>\n\t<meta property=\"og:image:type\" content=\"image\/png\" \/>\n<meta name=\"author\" content=\"Cl\u00e9ment Wasselin\" \/>\n<meta name=\"twitter:card\" content=\"summary_large_image\" \/>\n<meta name=\"twitter:label1\" content=\"\u00c9crit par\" \/>\n\t<meta name=\"twitter:data1\" content=\"Cl\u00e9ment Wasselin\" \/>\n\t<meta name=\"twitter:label2\" content=\"Dur\u00e9e de lecture estim\u00e9e\" \/>\n\t<meta name=\"twitter:data2\" content=\"5 minutes\" \/>\n<script type=\"application\/ld+json\" class=\"yoast-schema-graph\">{\"@context\":\"https:\\\/\\\/schema.org\",\"@graph\":[{\"@type\":\"Article\",\"@id\":\"https:\\\/\\\/www.staffsocial.fr\\\/contenu\\\/fatigue-cognitive-comment-y-faire-face-quand-on-travaille-dans-le-medico-social-et-le-social\\\/#article\",\"isPartOf\":{\"@id\":\"https:\\\/\\\/www.staffsocial.fr\\\/contenu\\\/fatigue-cognitive-comment-y-faire-face-quand-on-travaille-dans-le-medico-social-et-le-social\\\/\"},\"author\":{\"name\":\"Cl\u00e9ment Wasselin\",\"@id\":\"https:\\\/\\\/www.staffsocial.fr\\\/contenu\\\/#\\\/schema\\\/person\\\/4088b17fbb089dddcc7a7cffeea82499\"},\"headline\":\"Fatigue cognitive : comment y faire face quand on travaille dans le m\u00e9dico-social et le social ?\",\"datePublished\":\"2026-02-11T15:47:53+00:00\",\"dateModified\":\"2026-02-27T10:38:50+00:00\",\"mainEntityOfPage\":{\"@id\":\"https:\\\/\\\/www.staffsocial.fr\\\/contenu\\\/fatigue-cognitive-comment-y-faire-face-quand-on-travaille-dans-le-medico-social-et-le-social\\\/\"},\"wordCount\":987,\"publisher\":{\"@id\":\"https:\\\/\\\/www.staffsocial.fr\\\/contenu\\\/#organization\"},\"image\":{\"@id\":\"https:\\\/\\\/www.staffsocial.fr\\\/contenu\\\/fatigue-cognitive-comment-y-faire-face-quand-on-travaille-dans-le-medico-social-et-le-social\\\/#primaryimage\"},\"thumbnailUrl\":\"https:\\\/\\\/content.staffsocial.fr\\\/wp-content\\\/uploads\\\/2026\\\/02\\\/Image-mise-en-avant-32.png\",\"articleSection\":[\"Actualit\u00e9s\"],\"inLanguage\":\"fr-FR\"},{\"@type\":\"WebPage\",\"@id\":\"https:\\\/\\\/www.staffsocial.fr\\\/contenu\\\/fatigue-cognitive-comment-y-faire-face-quand-on-travaille-dans-le-medico-social-et-le-social\\\/\",\"url\":\"https:\\\/\\\/www.staffsocial.fr\\\/contenu\\\/fatigue-cognitive-comment-y-faire-face-quand-on-travaille-dans-le-medico-social-et-le-social\\\/\",\"name\":\"Fatigue cognitive dans le social : comment y faire face ?\",\"isPartOf\":{\"@id\":\"https:\\\/\\\/www.staffsocial.fr\\\/contenu\\\/#website\"},\"primaryImageOfPage\":{\"@id\":\"https:\\\/\\\/www.staffsocial.fr\\\/contenu\\\/fatigue-cognitive-comment-y-faire-face-quand-on-travaille-dans-le-medico-social-et-le-social\\\/#primaryimage\"},\"image\":{\"@id\":\"https:\\\/\\\/www.staffsocial.fr\\\/contenu\\\/fatigue-cognitive-comment-y-faire-face-quand-on-travaille-dans-le-medico-social-et-le-social\\\/#primaryimage\"},\"thumbnailUrl\":\"https:\\\/\\\/content.staffsocial.fr\\\/wp-content\\\/uploads\\\/2026\\\/02\\\/Image-mise-en-avant-32.png\",\"datePublished\":\"2026-02-11T15:47:53+00:00\",\"dateModified\":\"2026-02-27T10:38:50+00:00\",\"description\":\"D\u00e9tecter les signes de la fatigue cognitive dans les m\u00e9tiers du social et m\u00e9dico-social pour \u00e9viter l'\u00e9puisement professionnel.\",\"breadcrumb\":{\"@id\":\"https:\\\/\\\/www.staffsocial.fr\\\/contenu\\\/fatigue-cognitive-comment-y-faire-face-quand-on-travaille-dans-le-medico-social-et-le-social\\\/#breadcrumb\"},\"inLanguage\":\"fr-FR\",\"potentialAction\":[{\"@type\":\"ReadAction\",\"target\":[\"https:\\\/\\\/www.staffsocial.fr\\\/contenu\\\/fatigue-cognitive-comment-y-faire-face-quand-on-travaille-dans-le-medico-social-et-le-social\\\/\"]}]},{\"@type\":\"ImageObject\",\"inLanguage\":\"fr-FR\",\"@id\":\"https:\\\/\\\/www.staffsocial.fr\\\/contenu\\\/fatigue-cognitive-comment-y-faire-face-quand-on-travaille-dans-le-medico-social-et-le-social\\\/#primaryimage\",\"url\":\"https:\\\/\\\/content.staffsocial.fr\\\/wp-content\\\/uploads\\\/2026\\\/02\\\/Image-mise-en-avant-32.png\",\"contentUrl\":\"https:\\\/\\\/content.staffsocial.fr\\\/wp-content\\\/uploads\\\/2026\\\/02\\\/Image-mise-en-avant-32.png\",\"width\":2000,\"height\":500,\"caption\":\"fatigue cognitive social\"},{\"@type\":\"BreadcrumbList\",\"@id\":\"https:\\\/\\\/www.staffsocial.fr\\\/contenu\\\/fatigue-cognitive-comment-y-faire-face-quand-on-travaille-dans-le-medico-social-et-le-social\\\/#breadcrumb\",\"itemListElement\":[{\"@type\":\"ListItem\",\"position\":1,\"name\":\"Home\",\"item\":\"https:\\\/\\\/www.staffsocial.fr\\\/contenu\\\/\"},{\"@type\":\"ListItem\",\"position\":2,\"name\":\"Fatigue cognitive : comment y faire face quand on travaille dans le m\u00e9dico-social et le social ?\"}]},{\"@type\":\"WebSite\",\"@id\":\"https:\\\/\\\/www.staffsocial.fr\\\/contenu\\\/#website\",\"url\":\"https:\\\/\\\/www.staffsocial.fr\\\/contenu\\\/\",\"name\":\"Staffsocial\",\"description\":\"Offres d&#039;emploi et actualit\u00e9s des professionnels de sant\u00e9\",\"publisher\":{\"@id\":\"https:\\\/\\\/www.staffsocial.fr\\\/contenu\\\/#organization\"},\"potentialAction\":[{\"@type\":\"SearchAction\",\"target\":{\"@type\":\"EntryPoint\",\"urlTemplate\":\"https:\\\/\\\/www.staffsocial.fr\\\/contenu\\\/?s={search_term_string}\"},\"query-input\":{\"@type\":\"PropertyValueSpecification\",\"valueRequired\":true,\"valueName\":\"search_term_string\"}}],\"inLanguage\":\"fr-FR\"},{\"@type\":\"Organization\",\"@id\":\"https:\\\/\\\/www.staffsocial.fr\\\/contenu\\\/#organization\",\"name\":\"Staffsocial\",\"url\":\"https:\\\/\\\/www.staffsocial.fr\\\/contenu\\\/\",\"logo\":{\"@type\":\"ImageObject\",\"inLanguage\":\"fr-FR\",\"@id\":\"https:\\\/\\\/www.staffsocial.fr\\\/contenu\\\/#\\\/schema\\\/logo\\\/image\\\/\",\"url\":\"https:\\\/\\\/content.staffsocial.fr\\\/wp-content\\\/uploads\\\/2019\\\/11\\\/logo-staffsocial_RGB_fond_blanc.jpg\",\"contentUrl\":\"https:\\\/\\\/content.staffsocial.fr\\\/wp-content\\\/uploads\\\/2019\\\/11\\\/logo-staffsocial_RGB_fond_blanc.jpg\",\"width\":2225,\"height\":592,\"caption\":\"Staffsocial\"},\"image\":{\"@id\":\"https:\\\/\\\/www.staffsocial.fr\\\/contenu\\\/#\\\/schema\\\/logo\\\/image\\\/\"}},{\"@type\":\"Person\",\"@id\":\"https:\\\/\\\/www.staffsocial.fr\\\/contenu\\\/#\\\/schema\\\/person\\\/4088b17fbb089dddcc7a7cffeea82499\",\"name\":\"Cl\u00e9ment Wasselin\",\"image\":{\"@type\":\"ImageObject\",\"inLanguage\":\"fr-FR\",\"@id\":\"https:\\\/\\\/secure.gravatar.com\\\/avatar\\\/519c2bb318af16abc2306be78ea406d741de81953d506b5def07362b351f5020?s=96&d=mm&r=g\",\"url\":\"https:\\\/\\\/secure.gravatar.com\\\/avatar\\\/519c2bb318af16abc2306be78ea406d741de81953d506b5def07362b351f5020?s=96&d=mm&r=g\",\"contentUrl\":\"https:\\\/\\\/secure.gravatar.com\\\/avatar\\\/519c2bb318af16abc2306be78ea406d741de81953d506b5def07362b351f5020?s=96&d=mm&r=g\",\"caption\":\"Cl\u00e9ment Wasselin\"},\"url\":\"https:\\\/\\\/www.staffsocial.fr\\\/contenu\\\/author\\\/admin_social_content\\\/\"}]}<\/script>\n<!-- \/ Yoast SEO plugin. -->","yoast_head_json":{"title":"Fatigue cognitive dans le social : comment y faire face ?","description":"D\u00e9tecter les signes de la fatigue cognitive dans les m\u00e9tiers du social et m\u00e9dico-social pour \u00e9viter l'\u00e9puisement professionnel.","robots":{"index":"index","follow":"follow","max-snippet":"max-snippet:-1","max-image-preview":"max-image-preview:large","max-video-preview":"max-video-preview:-1"},"canonical":"https:\/\/www.staffsocial.fr\/contenu\/fatigue-cognitive-comment-y-faire-face-quand-on-travaille-dans-le-medico-social-et-le-social\/","og_locale":"fr_FR","og_type":"article","og_title":"Fatigue cognitive dans le social : comment y faire face ?","og_description":"D\u00e9tecter les signes de la fatigue cognitive dans les m\u00e9tiers du social et m\u00e9dico-social pour \u00e9viter l'\u00e9puisement professionnel.","og_url":"https:\/\/www.staffsocial.fr\/contenu\/fatigue-cognitive-comment-y-faire-face-quand-on-travaille-dans-le-medico-social-et-le-social\/","og_site_name":"Staffsocial","article_published_time":"2026-02-11T15:47:53+00:00","article_modified_time":"2026-02-27T10:38:50+00:00","og_image":[{"width":700,"height":420,"url":"https:\/\/content.staffsocial.fr\/wp-content\/uploads\/2026\/02\/Image-secondaire-41.png","type":"image\/png"}],"author":"Cl\u00e9ment Wasselin","twitter_card":"summary_large_image","twitter_misc":{"\u00c9crit par":"Cl\u00e9ment Wasselin","Dur\u00e9e de lecture estim\u00e9e":"5 minutes"},"schema":{"@context":"https:\/\/schema.org","@graph":[{"@type":"Article","@id":"https:\/\/www.staffsocial.fr\/contenu\/fatigue-cognitive-comment-y-faire-face-quand-on-travaille-dans-le-medico-social-et-le-social\/#article","isPartOf":{"@id":"https:\/\/www.staffsocial.fr\/contenu\/fatigue-cognitive-comment-y-faire-face-quand-on-travaille-dans-le-medico-social-et-le-social\/"},"author":{"name":"Cl\u00e9ment Wasselin","@id":"https:\/\/www.staffsocial.fr\/contenu\/#\/schema\/person\/4088b17fbb089dddcc7a7cffeea82499"},"headline":"Fatigue cognitive : comment y faire face quand on travaille dans le m\u00e9dico-social et le social ?","datePublished":"2026-02-11T15:47:53+00:00","dateModified":"2026-02-27T10:38:50+00:00","mainEntityOfPage":{"@id":"https:\/\/www.staffsocial.fr\/contenu\/fatigue-cognitive-comment-y-faire-face-quand-on-travaille-dans-le-medico-social-et-le-social\/"},"wordCount":987,"publisher":{"@id":"https:\/\/www.staffsocial.fr\/contenu\/#organization"},"image":{"@id":"https:\/\/www.staffsocial.fr\/contenu\/fatigue-cognitive-comment-y-faire-face-quand-on-travaille-dans-le-medico-social-et-le-social\/#primaryimage"},"thumbnailUrl":"https:\/\/content.staffsocial.fr\/wp-content\/uploads\/2026\/02\/Image-mise-en-avant-32.png","articleSection":["Actualit\u00e9s"],"inLanguage":"fr-FR"},{"@type":"WebPage","@id":"https:\/\/www.staffsocial.fr\/contenu\/fatigue-cognitive-comment-y-faire-face-quand-on-travaille-dans-le-medico-social-et-le-social\/","url":"https:\/\/www.staffsocial.fr\/contenu\/fatigue-cognitive-comment-y-faire-face-quand-on-travaille-dans-le-medico-social-et-le-social\/","name":"Fatigue cognitive dans le social : comment y faire face ?","isPartOf":{"@id":"https:\/\/www.staffsocial.fr\/contenu\/#website"},"primaryImageOfPage":{"@id":"https:\/\/www.staffsocial.fr\/contenu\/fatigue-cognitive-comment-y-faire-face-quand-on-travaille-dans-le-medico-social-et-le-social\/#primaryimage"},"image":{"@id":"https:\/\/www.staffsocial.fr\/contenu\/fatigue-cognitive-comment-y-faire-face-quand-on-travaille-dans-le-medico-social-et-le-social\/#primaryimage"},"thumbnailUrl":"https:\/\/content.staffsocial.fr\/wp-content\/uploads\/2026\/02\/Image-mise-en-avant-32.png","datePublished":"2026-02-11T15:47:53+00:00","dateModified":"2026-02-27T10:38:50+00:00","description":"D\u00e9tecter les signes de la fatigue cognitive dans les m\u00e9tiers du social et m\u00e9dico-social pour \u00e9viter l'\u00e9puisement professionnel.","breadcrumb":{"@id":"https:\/\/www.staffsocial.fr\/contenu\/fatigue-cognitive-comment-y-faire-face-quand-on-travaille-dans-le-medico-social-et-le-social\/#breadcrumb"},"inLanguage":"fr-FR","potentialAction":[{"@type":"ReadAction","target":["https:\/\/www.staffsocial.fr\/contenu\/fatigue-cognitive-comment-y-faire-face-quand-on-travaille-dans-le-medico-social-et-le-social\/"]}]},{"@type":"ImageObject","inLanguage":"fr-FR","@id":"https:\/\/www.staffsocial.fr\/contenu\/fatigue-cognitive-comment-y-faire-face-quand-on-travaille-dans-le-medico-social-et-le-social\/#primaryimage","url":"https:\/\/content.staffsocial.fr\/wp-content\/uploads\/2026\/02\/Image-mise-en-avant-32.png","contentUrl":"https:\/\/content.staffsocial.fr\/wp-content\/uploads\/2026\/02\/Image-mise-en-avant-32.png","width":2000,"height":500,"caption":"fatigue cognitive social"},{"@type":"BreadcrumbList","@id":"https:\/\/www.staffsocial.fr\/contenu\/fatigue-cognitive-comment-y-faire-face-quand-on-travaille-dans-le-medico-social-et-le-social\/#breadcrumb","itemListElement":[{"@type":"ListItem","position":1,"name":"Home","item":"https:\/\/www.staffsocial.fr\/contenu\/"},{"@type":"ListItem","position":2,"name":"Fatigue cognitive : comment y faire face quand on travaille dans le m\u00e9dico-social et le social ?"}]},{"@type":"WebSite","@id":"https:\/\/www.staffsocial.fr\/contenu\/#website","url":"https:\/\/www.staffsocial.fr\/contenu\/","name":"Staffsocial","description":"Offres d&#039;emploi et actualit\u00e9s des professionnels de sant\u00e9","publisher":{"@id":"https:\/\/www.staffsocial.fr\/contenu\/#organization"},"potentialAction":[{"@type":"SearchAction","target":{"@type":"EntryPoint","urlTemplate":"https:\/\/www.staffsocial.fr\/contenu\/?s={search_term_string}"},"query-input":{"@type":"PropertyValueSpecification","valueRequired":true,"valueName":"search_term_string"}}],"inLanguage":"fr-FR"},{"@type":"Organization","@id":"https:\/\/www.staffsocial.fr\/contenu\/#organization","name":"Staffsocial","url":"https:\/\/www.staffsocial.fr\/contenu\/","logo":{"@type":"ImageObject","inLanguage":"fr-FR","@id":"https:\/\/www.staffsocial.fr\/contenu\/#\/schema\/logo\/image\/","url":"https:\/\/content.staffsocial.fr\/wp-content\/uploads\/2019\/11\/logo-staffsocial_RGB_fond_blanc.jpg","contentUrl":"https:\/\/content.staffsocial.fr\/wp-content\/uploads\/2019\/11\/logo-staffsocial_RGB_fond_blanc.jpg","width":2225,"height":592,"caption":"Staffsocial"},"image":{"@id":"https:\/\/www.staffsocial.fr\/contenu\/#\/schema\/logo\/image\/"}},{"@type":"Person","@id":"https:\/\/www.staffsocial.fr\/contenu\/#\/schema\/person\/4088b17fbb089dddcc7a7cffeea82499","name":"Cl\u00e9ment Wasselin","image":{"@type":"ImageObject","inLanguage":"fr-FR","@id":"https:\/\/secure.gravatar.com\/avatar\/519c2bb318af16abc2306be78ea406d741de81953d506b5def07362b351f5020?s=96&d=mm&r=g","url":"https:\/\/secure.gravatar.com\/avatar\/519c2bb318af16abc2306be78ea406d741de81953d506b5def07362b351f5020?s=96&d=mm&r=g","contentUrl":"https:\/\/secure.gravatar.com\/avatar\/519c2bb318af16abc2306be78ea406d741de81953d506b5def07362b351f5020?s=96&d=mm&r=g","caption":"Cl\u00e9ment Wasselin"},"url":"https:\/\/www.staffsocial.fr\/contenu\/author\/admin_social_content\/"}]}},"_links":{"self":[{"href":"https:\/\/www.staffsocial.fr\/contenu\/wp-json\/wp\/v2\/posts\/6899","targetHints":{"allow":["GET"]}}],"collection":[{"href":"https:\/\/www.staffsocial.fr\/contenu\/wp-json\/wp\/v2\/posts"}],"about":[{"href":"https:\/\/www.staffsocial.fr\/contenu\/wp-json\/wp\/v2\/types\/post"}],"author":[{"embeddable":true,"href":"https:\/\/www.staffsocial.fr\/contenu\/wp-json\/wp\/v2\/users\/1"}],"replies":[{"embeddable":true,"href":"https:\/\/www.staffsocial.fr\/contenu\/wp-json\/wp\/v2\/comments?post=6899"}],"version-history":[{"count":9,"href":"https:\/\/www.staffsocial.fr\/contenu\/wp-json\/wp\/v2\/posts\/6899\/revisions"}],"predecessor-version":[{"id":6911,"href":"https:\/\/www.staffsocial.fr\/contenu\/wp-json\/wp\/v2\/posts\/6899\/revisions\/6911"}],"wp:featuredmedia":[{"embeddable":true,"href":"https:\/\/www.staffsocial.fr\/contenu\/wp-json\/wp\/v2\/media\/6906"}],"wp:attachment":[{"href":"https:\/\/www.staffsocial.fr\/contenu\/wp-json\/wp\/v2\/media?parent=6899"}],"wp:term":[{"taxonomy":"category","embeddable":true,"href":"https:\/\/www.staffsocial.fr\/contenu\/wp-json\/wp\/v2\/categories?post=6899"},{"taxonomy":"post_tag","embeddable":true,"href":"https:\/\/www.staffsocial.fr\/contenu\/wp-json\/wp\/v2\/tags?post=6899"}],"curies":[{"name":"wp","href":"https:\/\/api.w.org\/{rel}","templated":true}]}}