{"id":6885,"date":"2026-01-24T11:05:23","date_gmt":"2026-01-24T11:05:23","guid":{"rendered":"https:\/\/www.staffsocial.fr\/contenu\/?p=6885"},"modified":"2026-02-03T15:51:06","modified_gmt":"2026-02-03T15:51:06","slug":"top-5-des-metiers-du-social-qui-recrutent-en-2026","status":"publish","type":"post","link":"https:\/\/www.staffsocial.fr\/contenu\/top-5-des-metiers-du-social-qui-recrutent-en-2026\/","title":{"rendered":"Top 5 des m\u00e9tiers du social qui recrutent en 2026"},"content":{"rendered":"<p>Le secteur social est confront\u00e9 \u00e0 un paradoxe majeur : un besoin croissant de professionnels pour accompagner les publics fragiles, et une p\u00e9nurie sur certains postes.<\/p>\n<p><strong>Pour celles et ceux qui envisagent une carri\u00e8re riche en sens et avec de solides perspectives d&#8217;embauche, les m\u00e9tiers du social recrutent !<\/strong><\/p>\n<p>Retrouvez notre palmar\u00e8s des professions du social les plus demand\u00e9es sur Staffsocial, site emploi sp\u00e9cialis\u00e9 pour les professionnels du social et m\u00e9dico-social.<\/p>\n<h2>Educateur sp\u00e9cialis\u00e9<\/h2>\n<p><em><a href=\"https:\/\/www.staffsocial.fr\/offres-emploi-m-educateur-specialise\" target=\"_blank\" rel=\"noopener\">+ de 1300 offres d&#8217;emploi \u00e9ducateur sp\u00e9cialis\u00e9 sur Staffsocial<\/a><\/em><\/p>\n<p><strong>L&rsquo;<a href=\"https:\/\/www.staffsocial.fr\/contenu\/faciliter-linsertion-et-lautonomie-zoom-sur-le-metier-deducateur-specialise\/\" target=\"_blank\" rel=\"noopener\">\u00e9ducateur sp\u00e9cialis\u00e9<\/a> joue un r\u00f4le essentiel dans l&rsquo;accompagnement \u00e9ducatif et social de personnes en difficult\u00e9<\/strong> (enfants, adolescents, adultes) pour favoriser leur autonomie et leur int\u00e9gration. Sa polyvalence et sa capacit\u00e9 \u00e0 intervenir dans des cadres vari\u00e9s (foyers, instituts, services d&rsquo;aide \u00e0 domicile) expliquent notamment qu&rsquo;il soit tr\u00e8s recherch\u00e9.<\/p>\n<p style=\"text-align: center;\"><a class=\"button\" href=\"https:\/\/www.staffsocial.fr\/offres-emploi-m-educateur-specialise\" target=\"_blank\" rel=\"noopener noreferrer\">voir les offres d&rsquo;\u00e9ducateur sp\u00e9cialis\u00e9<\/a><\/p>\n<h2>Assistant social<\/h2>\n<p><em><a href=\"https:\/\/www.staffsocial.fr\/offres-emploi-m-assistant-social\" target=\"_blank\" rel=\"noopener\">+ de 600 offres d&#8217;emploi d&rsquo;assistant social sur Staffsocial<\/a><\/em><\/p>\n<p>Interlocuteur privil\u00e9gi\u00e9 pour l&rsquo;acc\u00e8s aux droits et l&rsquo;aide aux d\u00e9marches administratives, <strong>l&rsquo;<a href=\"https:\/\/www.staffsocial.fr\/contenu\/accompagner-vers-des-solutions-durables-et-adaptees-zoom-sur-le-metier-dassistante-sociale\/\" target=\"_blank\" rel=\"noopener\">assistant social<\/a> est indispensable pour pr\u00e9venir l&rsquo;exclusion et conseiller les familles ou individus en situation de pr\u00e9carit\u00e9.<\/strong><\/p>\n<p style=\"text-align: center;\"><a class=\"button\" href=\"https:\/\/www.staffsocial.fr\/offres-emploi-m-assistant-social\" target=\"_blank\" rel=\"noopener noreferrer\">voir les offres d&rsquo;assistant social <\/a><\/p>\n<h2>Accompagnant \u00e9ducatif et social (AES)<\/h2>\n<p><a href=\"https:\/\/www.staffsocial.fr\/offres-emploi-m-accompagnant-educatif-et-social-aes\" target=\"_blank\" rel=\"noopener\"><em>+ de 520 offres d&#8217;emploi d&rsquo;AES sur Staffsocial<\/em><\/a><\/p>\n<p>Le r\u00f4le de l&rsquo;AES est d&rsquo;<strong>aider les personnes d\u00e9pendantes &#8211; qu&rsquo;elles soient \u00e2g\u00e9es, malades ou en situation de handicap &#8211; dans les actes de la vie quotidienne<\/strong>. Sa mission est cruciale pour le maintien \u00e0 domicile et l&rsquo;am\u00e9lioration de la qualit\u00e9 de vie des usagers.<\/p>\n<p style=\"text-align: center;\"><a class=\"button\" href=\"https:\/\/www.staffsocial.fr\/offres-emploi-m-accompagnant-educatif-et-social-aes\" target=\"_blank\" rel=\"noopener noreferrer\">voir les offres d&rsquo;AES<\/a><\/p>\n<h2>Auxiliaire de pu\u00e9riculture<\/h2>\n<p><em><a href=\"https:\/\/www.staffsocial.fr\/offres-emploi-m-auxiliaire-de-puericulture\" target=\"_blank\" rel=\"noopener\">+ de 350 offres d&#8217;emploi d&rsquo;auxiliaire de pu\u00e9riculture sur Staffsocial<\/a><\/em><\/p>\n<p><strong>Essentielle dans la prise en charge des tout-petits, l&rsquo;auxiliaire de pu\u00e9riculture travaille en cr\u00e8che, \u00e0 l&rsquo;h\u00f4pital ou en maternit\u00e9.<\/strong> Avec le d\u00e9veloppement des structures d&rsquo;accueil de la petite enfance, le m\u00e9tier d&rsquo;auxiliaire de pu\u00e9riculture reste tr\u00e8s recherch\u00e9.<\/p>\n<p style=\"text-align: center;\"><a class=\"button\" href=\"https:\/\/www.staffsocial.fr\/offres-emploi-m-auxiliaire-de-puericulture\" target=\"_blank\" rel=\"noopener noreferrer\">voir les offres d&rsquo;auxiliaire de pu\u00e9riculture <\/a><\/p>\n<h2>Aide m\u00e9dico-psychologique (AMP)<\/h2>\n<p><em><a href=\"https:\/\/www.staffsocial.fr\/offres-emploi-m-aide-medico-psychologique\" target=\"_blank\" rel=\"noopener\">+ de 320 offres d&#8217;emploi d&rsquo;AMP sur Staffsocial<\/a><\/em><\/p>\n<p>L&rsquo;<a href=\"https:\/\/www.staffsocial.fr\/contenu\/ameliorer-le-bien-etre-des-personnes-dependantes-zoom-sur-le-metier-damp\/\" target=\"_blank\" rel=\"noopener\">Aide M\u00e9dico-Psychologique (AMP)<\/a> figure toujours parmi les m\u00e9tiers qui recrutent le plus. L&rsquo;Aide m\u00e9dico-psychologique <strong>accompagne au quotidien des personnes en situation de handicap ou de d\u00e9pendance<\/strong>, en favorisant leur socialisation et leur bien-\u00eatre psychologique.<\/p>\n<p style=\"text-align: center;\"><a class=\"button\" href=\"https:\/\/www.staffsocial.fr\/offres-emploi-m-aide-medico-psychologique\" target=\"_blank\" rel=\"noopener noreferrer\">voir les offres d&rsquo;AMP<\/a><\/p>\n","protected":false},"excerpt":{"rendered":"<p>Pour celles et ceux qui envisagent une carri\u00e8re riche en sens et avec de solides perspectives d&#8217;embauche, les m\u00e9tiers du social recrutent ! Retrouvez notre palmar\u00e8s des professions du social les plus demand\u00e9es.<\/p>\n","protected":false},"author":1,"featured_media":6890,"comment_status":"closed","ping_status":"closed","sticky":false,"template":"","format":"standard","meta":{"_acf_changed":false,"footnotes":""},"categories":[2],"tags":[],"class_list":["post-6885","post","type-post","status-publish","format-standard","has-post-thumbnail","hentry","category-actualites"],"acf":[],"yoast_head":"<!-- This site is optimized with the Yoast SEO plugin v27.3 - https:\/\/yoast.com\/product\/yoast-seo-wordpress\/ -->\n<title>5 m\u00e9tiers du social qui recrutent en 2026<\/title>\n<meta name=\"description\" content=\"Pour celles et ceux qui envisagent une carri\u00e8re riche en sens et avec de solides perspectives d&#039;embauche, les m\u00e9tiers du social recrutent ! Retrouvez notre palmar\u00e8s des professions du social les plus demand\u00e9es. Le secteur du social recrute ! Retrouvez notre top 5 des m\u00e9tiers les plus recherch\u00e9s.\" \/>\n<meta name=\"robots\" content=\"index, follow, max-snippet:-1, max-image-preview:large, max-video-preview:-1\" \/>\n<link rel=\"canonical\" href=\"https:\/\/www.staffsocial.fr\/contenu\/top-5-des-metiers-du-social-qui-recrutent-en-2026\/\" \/>\n<meta property=\"og:locale\" content=\"fr_FR\" \/>\n<meta property=\"og:type\" content=\"article\" \/>\n<meta property=\"og:title\" content=\"5 m\u00e9tiers du social qui recrutent en 2026\" \/>\n<meta property=\"og:description\" content=\"Pour celles et ceux qui envisagent une carri\u00e8re riche en sens et avec de solides perspectives d&#039;embauche, les m\u00e9tiers du social recrutent ! Retrouvez notre palmar\u00e8s des professions du social les plus demand\u00e9es. Le secteur du social recrute ! Retrouvez notre top 5 des m\u00e9tiers les plus recherch\u00e9s.\" \/>\n<meta property=\"og:url\" content=\"https:\/\/www.staffsocial.fr\/contenu\/top-5-des-metiers-du-social-qui-recrutent-en-2026\/\" \/>\n<meta property=\"og:site_name\" content=\"Staffsocial\" \/>\n<meta property=\"article:published_time\" content=\"2026-01-24T11:05:23+00:00\" \/>\n<meta property=\"article:modified_time\" content=\"2026-02-03T15:51:06+00:00\" \/>\n<meta property=\"og:image\" content=\"https:\/\/content.staffsocial.fr\/wp-content\/uploads\/2026\/01\/Image-secondaire-32.png\" \/>\n\t<meta property=\"og:image:width\" content=\"700\" \/>\n\t<meta property=\"og:image:height\" content=\"420\" \/>\n\t<meta property=\"og:image:type\" content=\"image\/png\" \/>\n<meta name=\"author\" content=\"Cl\u00e9ment Wasselin\" \/>\n<meta name=\"twitter:card\" content=\"summary_large_image\" \/>\n<meta name=\"twitter:label1\" content=\"\u00c9crit par\" \/>\n\t<meta name=\"twitter:data1\" content=\"Cl\u00e9ment Wasselin\" \/>\n\t<meta name=\"twitter:label2\" content=\"Dur\u00e9e de lecture estim\u00e9e\" \/>\n\t<meta name=\"twitter:data2\" content=\"2 minutes\" \/>\n<script type=\"application\/ld+json\" class=\"yoast-schema-graph\">{\"@context\":\"https:\\\/\\\/schema.org\",\"@graph\":[{\"@type\":\"Article\",\"@id\":\"https:\\\/\\\/www.staffsocial.fr\\\/contenu\\\/top-5-des-metiers-du-social-qui-recrutent-en-2026\\\/#article\",\"isPartOf\":{\"@id\":\"https:\\\/\\\/www.staffsocial.fr\\\/contenu\\\/top-5-des-metiers-du-social-qui-recrutent-en-2026\\\/\"},\"author\":{\"name\":\"Cl\u00e9ment Wasselin\",\"@id\":\"https:\\\/\\\/www.staffsocial.fr\\\/contenu\\\/#\\\/schema\\\/person\\\/4088b17fbb089dddcc7a7cffeea82499\"},\"headline\":\"Top 5 des m\u00e9tiers du social qui recrutent en 2026\",\"datePublished\":\"2026-01-24T11:05:23+00:00\",\"dateModified\":\"2026-02-03T15:51:06+00:00\",\"mainEntityOfPage\":{\"@id\":\"https:\\\/\\\/www.staffsocial.fr\\\/contenu\\\/top-5-des-metiers-du-social-qui-recrutent-en-2026\\\/\"},\"wordCount\":380,\"publisher\":{\"@id\":\"https:\\\/\\\/www.staffsocial.fr\\\/contenu\\\/#organization\"},\"image\":{\"@id\":\"https:\\\/\\\/www.staffsocial.fr\\\/contenu\\\/top-5-des-metiers-du-social-qui-recrutent-en-2026\\\/#primaryimage\"},\"thumbnailUrl\":\"https:\\\/\\\/content.staffsocial.fr\\\/wp-content\\\/uploads\\\/2026\\\/01\\\/Image-mise-en-avant-29.png\",\"articleSection\":[\"Actualit\u00e9s\"],\"inLanguage\":\"fr-FR\"},{\"@type\":\"WebPage\",\"@id\":\"https:\\\/\\\/www.staffsocial.fr\\\/contenu\\\/top-5-des-metiers-du-social-qui-recrutent-en-2026\\\/\",\"url\":\"https:\\\/\\\/www.staffsocial.fr\\\/contenu\\\/top-5-des-metiers-du-social-qui-recrutent-en-2026\\\/\",\"name\":\"5 m\u00e9tiers du social qui recrutent en 2026\",\"isPartOf\":{\"@id\":\"https:\\\/\\\/www.staffsocial.fr\\\/contenu\\\/#website\"},\"primaryImageOfPage\":{\"@id\":\"https:\\\/\\\/www.staffsocial.fr\\\/contenu\\\/top-5-des-metiers-du-social-qui-recrutent-en-2026\\\/#primaryimage\"},\"image\":{\"@id\":\"https:\\\/\\\/www.staffsocial.fr\\\/contenu\\\/top-5-des-metiers-du-social-qui-recrutent-en-2026\\\/#primaryimage\"},\"thumbnailUrl\":\"https:\\\/\\\/content.staffsocial.fr\\\/wp-content\\\/uploads\\\/2026\\\/01\\\/Image-mise-en-avant-29.png\",\"datePublished\":\"2026-01-24T11:05:23+00:00\",\"dateModified\":\"2026-02-03T15:51:06+00:00\",\"description\":\"Pour celles et ceux qui envisagent une carri\u00e8re riche en sens et avec de solides perspectives d'embauche, les m\u00e9tiers du social recrutent ! Retrouvez notre palmar\u00e8s des professions du social les plus demand\u00e9es. Le secteur du social recrute ! Retrouvez notre top 5 des m\u00e9tiers les plus recherch\u00e9s.\",\"breadcrumb\":{\"@id\":\"https:\\\/\\\/www.staffsocial.fr\\\/contenu\\\/top-5-des-metiers-du-social-qui-recrutent-en-2026\\\/#breadcrumb\"},\"inLanguage\":\"fr-FR\",\"potentialAction\":[{\"@type\":\"ReadAction\",\"target\":[\"https:\\\/\\\/www.staffsocial.fr\\\/contenu\\\/top-5-des-metiers-du-social-qui-recrutent-en-2026\\\/\"]}]},{\"@type\":\"ImageObject\",\"inLanguage\":\"fr-FR\",\"@id\":\"https:\\\/\\\/www.staffsocial.fr\\\/contenu\\\/top-5-des-metiers-du-social-qui-recrutent-en-2026\\\/#primaryimage\",\"url\":\"https:\\\/\\\/content.staffsocial.fr\\\/wp-content\\\/uploads\\\/2026\\\/01\\\/Image-mise-en-avant-29.png\",\"contentUrl\":\"https:\\\/\\\/content.staffsocial.fr\\\/wp-content\\\/uploads\\\/2026\\\/01\\\/Image-mise-en-avant-29.png\",\"width\":2000,\"height\":500,\"caption\":\"m\u00e9tiers du social recrutent\"},{\"@type\":\"BreadcrumbList\",\"@id\":\"https:\\\/\\\/www.staffsocial.fr\\\/contenu\\\/top-5-des-metiers-du-social-qui-recrutent-en-2026\\\/#breadcrumb\",\"itemListElement\":[{\"@type\":\"ListItem\",\"position\":1,\"name\":\"Home\",\"item\":\"https:\\\/\\\/www.staffsocial.fr\\\/contenu\\\/\"},{\"@type\":\"ListItem\",\"position\":2,\"name\":\"Top 5 des m\u00e9tiers du social qui recrutent en 2026\"}]},{\"@type\":\"WebSite\",\"@id\":\"https:\\\/\\\/www.staffsocial.fr\\\/contenu\\\/#website\",\"url\":\"https:\\\/\\\/www.staffsocial.fr\\\/contenu\\\/\",\"name\":\"Staffsocial\",\"description\":\"Offres d&#039;emploi et actualit\u00e9s des professionnels de sant\u00e9\",\"publisher\":{\"@id\":\"https:\\\/\\\/www.staffsocial.fr\\\/contenu\\\/#organization\"},\"potentialAction\":[{\"@type\":\"SearchAction\",\"target\":{\"@type\":\"EntryPoint\",\"urlTemplate\":\"https:\\\/\\\/www.staffsocial.fr\\\/contenu\\\/?s={search_term_string}\"},\"query-input\":{\"@type\":\"PropertyValueSpecification\",\"valueRequired\":true,\"valueName\":\"search_term_string\"}}],\"inLanguage\":\"fr-FR\"},{\"@type\":\"Organization\",\"@id\":\"https:\\\/\\\/www.staffsocial.fr\\\/contenu\\\/#organization\",\"name\":\"Staffsocial\",\"url\":\"https:\\\/\\\/www.staffsocial.fr\\\/contenu\\\/\",\"logo\":{\"@type\":\"ImageObject\",\"inLanguage\":\"fr-FR\",\"@id\":\"https:\\\/\\\/www.staffsocial.fr\\\/contenu\\\/#\\\/schema\\\/logo\\\/image\\\/\",\"url\":\"https:\\\/\\\/content.staffsocial.fr\\\/wp-content\\\/uploads\\\/2019\\\/11\\\/logo-staffsocial_RGB_fond_blanc.jpg\",\"contentUrl\":\"https:\\\/\\\/content.staffsocial.fr\\\/wp-content\\\/uploads\\\/2019\\\/11\\\/logo-staffsocial_RGB_fond_blanc.jpg\",\"width\":2225,\"height\":592,\"caption\":\"Staffsocial\"},\"image\":{\"@id\":\"https:\\\/\\\/www.staffsocial.fr\\\/contenu\\\/#\\\/schema\\\/logo\\\/image\\\/\"}},{\"@type\":\"Person\",\"@id\":\"https:\\\/\\\/www.staffsocial.fr\\\/contenu\\\/#\\\/schema\\\/person\\\/4088b17fbb089dddcc7a7cffeea82499\",\"name\":\"Cl\u00e9ment Wasselin\",\"image\":{\"@type\":\"ImageObject\",\"inLanguage\":\"fr-FR\",\"@id\":\"https:\\\/\\\/secure.gravatar.com\\\/avatar\\\/519c2bb318af16abc2306be78ea406d741de81953d506b5def07362b351f5020?s=96&d=mm&r=g\",\"url\":\"https:\\\/\\\/secure.gravatar.com\\\/avatar\\\/519c2bb318af16abc2306be78ea406d741de81953d506b5def07362b351f5020?s=96&d=mm&r=g\",\"contentUrl\":\"https:\\\/\\\/secure.gravatar.com\\\/avatar\\\/519c2bb318af16abc2306be78ea406d741de81953d506b5def07362b351f5020?s=96&d=mm&r=g\",\"caption\":\"Cl\u00e9ment Wasselin\"},\"url\":\"https:\\\/\\\/www.staffsocial.fr\\\/contenu\\\/author\\\/admin_social_content\\\/\"}]}<\/script>\n<!-- \/ Yoast SEO plugin. -->","yoast_head_json":{"title":"5 m\u00e9tiers du social qui recrutent en 2026","description":"Pour celles et ceux qui envisagent une carri\u00e8re riche en sens et avec de solides perspectives d'embauche, les m\u00e9tiers du social recrutent ! Retrouvez notre palmar\u00e8s des professions du social les plus demand\u00e9es. Le secteur du social recrute ! Retrouvez notre top 5 des m\u00e9tiers les plus recherch\u00e9s.","robots":{"index":"index","follow":"follow","max-snippet":"max-snippet:-1","max-image-preview":"max-image-preview:large","max-video-preview":"max-video-preview:-1"},"canonical":"https:\/\/www.staffsocial.fr\/contenu\/top-5-des-metiers-du-social-qui-recrutent-en-2026\/","og_locale":"fr_FR","og_type":"article","og_title":"5 m\u00e9tiers du social qui recrutent en 2026","og_description":"Pour celles et ceux qui envisagent une carri\u00e8re riche en sens et avec de solides perspectives d'embauche, les m\u00e9tiers du social recrutent ! Retrouvez notre palmar\u00e8s des professions du social les plus demand\u00e9es. Le secteur du social recrute ! Retrouvez notre top 5 des m\u00e9tiers les plus recherch\u00e9s.","og_url":"https:\/\/www.staffsocial.fr\/contenu\/top-5-des-metiers-du-social-qui-recrutent-en-2026\/","og_site_name":"Staffsocial","article_published_time":"2026-01-24T11:05:23+00:00","article_modified_time":"2026-02-03T15:51:06+00:00","og_image":[{"width":700,"height":420,"url":"https:\/\/content.staffsocial.fr\/wp-content\/uploads\/2026\/01\/Image-secondaire-32.png","type":"image\/png"}],"author":"Cl\u00e9ment Wasselin","twitter_card":"summary_large_image","twitter_misc":{"\u00c9crit par":"Cl\u00e9ment Wasselin","Dur\u00e9e de lecture estim\u00e9e":"2 minutes"},"schema":{"@context":"https:\/\/schema.org","@graph":[{"@type":"Article","@id":"https:\/\/www.staffsocial.fr\/contenu\/top-5-des-metiers-du-social-qui-recrutent-en-2026\/#article","isPartOf":{"@id":"https:\/\/www.staffsocial.fr\/contenu\/top-5-des-metiers-du-social-qui-recrutent-en-2026\/"},"author":{"name":"Cl\u00e9ment Wasselin","@id":"https:\/\/www.staffsocial.fr\/contenu\/#\/schema\/person\/4088b17fbb089dddcc7a7cffeea82499"},"headline":"Top 5 des m\u00e9tiers du social qui recrutent en 2026","datePublished":"2026-01-24T11:05:23+00:00","dateModified":"2026-02-03T15:51:06+00:00","mainEntityOfPage":{"@id":"https:\/\/www.staffsocial.fr\/contenu\/top-5-des-metiers-du-social-qui-recrutent-en-2026\/"},"wordCount":380,"publisher":{"@id":"https:\/\/www.staffsocial.fr\/contenu\/#organization"},"image":{"@id":"https:\/\/www.staffsocial.fr\/contenu\/top-5-des-metiers-du-social-qui-recrutent-en-2026\/#primaryimage"},"thumbnailUrl":"https:\/\/content.staffsocial.fr\/wp-content\/uploads\/2026\/01\/Image-mise-en-avant-29.png","articleSection":["Actualit\u00e9s"],"inLanguage":"fr-FR"},{"@type":"WebPage","@id":"https:\/\/www.staffsocial.fr\/contenu\/top-5-des-metiers-du-social-qui-recrutent-en-2026\/","url":"https:\/\/www.staffsocial.fr\/contenu\/top-5-des-metiers-du-social-qui-recrutent-en-2026\/","name":"5 m\u00e9tiers du social qui recrutent en 2026","isPartOf":{"@id":"https:\/\/www.staffsocial.fr\/contenu\/#website"},"primaryImageOfPage":{"@id":"https:\/\/www.staffsocial.fr\/contenu\/top-5-des-metiers-du-social-qui-recrutent-en-2026\/#primaryimage"},"image":{"@id":"https:\/\/www.staffsocial.fr\/contenu\/top-5-des-metiers-du-social-qui-recrutent-en-2026\/#primaryimage"},"thumbnailUrl":"https:\/\/content.staffsocial.fr\/wp-content\/uploads\/2026\/01\/Image-mise-en-avant-29.png","datePublished":"2026-01-24T11:05:23+00:00","dateModified":"2026-02-03T15:51:06+00:00","description":"Pour celles et ceux qui envisagent une carri\u00e8re riche en sens et avec de solides perspectives d'embauche, les m\u00e9tiers du social recrutent ! Retrouvez notre palmar\u00e8s des professions du social les plus demand\u00e9es. Le secteur du social recrute ! Retrouvez notre top 5 des m\u00e9tiers les plus recherch\u00e9s.","breadcrumb":{"@id":"https:\/\/www.staffsocial.fr\/contenu\/top-5-des-metiers-du-social-qui-recrutent-en-2026\/#breadcrumb"},"inLanguage":"fr-FR","potentialAction":[{"@type":"ReadAction","target":["https:\/\/www.staffsocial.fr\/contenu\/top-5-des-metiers-du-social-qui-recrutent-en-2026\/"]}]},{"@type":"ImageObject","inLanguage":"fr-FR","@id":"https:\/\/www.staffsocial.fr\/contenu\/top-5-des-metiers-du-social-qui-recrutent-en-2026\/#primaryimage","url":"https:\/\/content.staffsocial.fr\/wp-content\/uploads\/2026\/01\/Image-mise-en-avant-29.png","contentUrl":"https:\/\/content.staffsocial.fr\/wp-content\/uploads\/2026\/01\/Image-mise-en-avant-29.png","width":2000,"height":500,"caption":"m\u00e9tiers du social recrutent"},{"@type":"BreadcrumbList","@id":"https:\/\/www.staffsocial.fr\/contenu\/top-5-des-metiers-du-social-qui-recrutent-en-2026\/#breadcrumb","itemListElement":[{"@type":"ListItem","position":1,"name":"Home","item":"https:\/\/www.staffsocial.fr\/contenu\/"},{"@type":"ListItem","position":2,"name":"Top 5 des m\u00e9tiers du social qui recrutent en 2026"}]},{"@type":"WebSite","@id":"https:\/\/www.staffsocial.fr\/contenu\/#website","url":"https:\/\/www.staffsocial.fr\/contenu\/","name":"Staffsocial","description":"Offres d&#039;emploi et actualit\u00e9s des professionnels de sant\u00e9","publisher":{"@id":"https:\/\/www.staffsocial.fr\/contenu\/#organization"},"potentialAction":[{"@type":"SearchAction","target":{"@type":"EntryPoint","urlTemplate":"https:\/\/www.staffsocial.fr\/contenu\/?s={search_term_string}"},"query-input":{"@type":"PropertyValueSpecification","valueRequired":true,"valueName":"search_term_string"}}],"inLanguage":"fr-FR"},{"@type":"Organization","@id":"https:\/\/www.staffsocial.fr\/contenu\/#organization","name":"Staffsocial","url":"https:\/\/www.staffsocial.fr\/contenu\/","logo":{"@type":"ImageObject","inLanguage":"fr-FR","@id":"https:\/\/www.staffsocial.fr\/contenu\/#\/schema\/logo\/image\/","url":"https:\/\/content.staffsocial.fr\/wp-content\/uploads\/2019\/11\/logo-staffsocial_RGB_fond_blanc.jpg","contentUrl":"https:\/\/content.staffsocial.fr\/wp-content\/uploads\/2019\/11\/logo-staffsocial_RGB_fond_blanc.jpg","width":2225,"height":592,"caption":"Staffsocial"},"image":{"@id":"https:\/\/www.staffsocial.fr\/contenu\/#\/schema\/logo\/image\/"}},{"@type":"Person","@id":"https:\/\/www.staffsocial.fr\/contenu\/#\/schema\/person\/4088b17fbb089dddcc7a7cffeea82499","name":"Cl\u00e9ment Wasselin","image":{"@type":"ImageObject","inLanguage":"fr-FR","@id":"https:\/\/secure.gravatar.com\/avatar\/519c2bb318af16abc2306be78ea406d741de81953d506b5def07362b351f5020?s=96&d=mm&r=g","url":"https:\/\/secure.gravatar.com\/avatar\/519c2bb318af16abc2306be78ea406d741de81953d506b5def07362b351f5020?s=96&d=mm&r=g","contentUrl":"https:\/\/secure.gravatar.com\/avatar\/519c2bb318af16abc2306be78ea406d741de81953d506b5def07362b351f5020?s=96&d=mm&r=g","caption":"Cl\u00e9ment Wasselin"},"url":"https:\/\/www.staffsocial.fr\/contenu\/author\/admin_social_content\/"}]}},"_links":{"self":[{"href":"https:\/\/www.staffsocial.fr\/contenu\/wp-json\/wp\/v2\/posts\/6885","targetHints":{"allow":["GET"]}}],"collection":[{"href":"https:\/\/www.staffsocial.fr\/contenu\/wp-json\/wp\/v2\/posts"}],"about":[{"href":"https:\/\/www.staffsocial.fr\/contenu\/wp-json\/wp\/v2\/types\/post"}],"author":[{"embeddable":true,"href":"https:\/\/www.staffsocial.fr\/contenu\/wp-json\/wp\/v2\/users\/1"}],"replies":[{"embeddable":true,"href":"https:\/\/www.staffsocial.fr\/contenu\/wp-json\/wp\/v2\/comments?post=6885"}],"version-history":[{"count":8,"href":"https:\/\/www.staffsocial.fr\/contenu\/wp-json\/wp\/v2\/posts\/6885\/revisions"}],"predecessor-version":[{"id":6894,"href":"https:\/\/www.staffsocial.fr\/contenu\/wp-json\/wp\/v2\/posts\/6885\/revisions\/6894"}],"wp:featuredmedia":[{"embeddable":true,"href":"https:\/\/www.staffsocial.fr\/contenu\/wp-json\/wp\/v2\/media\/6890"}],"wp:attachment":[{"href":"https:\/\/www.staffsocial.fr\/contenu\/wp-json\/wp\/v2\/media?parent=6885"}],"wp:term":[{"taxonomy":"category","embeddable":true,"href":"https:\/\/www.staffsocial.fr\/contenu\/wp-json\/wp\/v2\/categories?post=6885"},{"taxonomy":"post_tag","embeddable":true,"href":"https:\/\/www.staffsocial.fr\/contenu\/wp-json\/wp\/v2\/tags?post=6885"}],"curies":[{"name":"wp","href":"https:\/\/api.w.org\/{rel}","templated":true}]}}