{"id":6870,"date":"2026-01-30T10:09:15","date_gmt":"2026-01-30T10:09:15","guid":{"rendered":"https:\/\/www.staffsocial.fr\/contenu\/?p=6870"},"modified":"2026-02-27T11:40:03","modified_gmt":"2026-02-27T11:40:03","slug":"moniteur-educateur-et-educateur-specialise-quelles-differences","status":"publish","type":"post","link":"https:\/\/www.staffsocial.fr\/contenu\/moniteur-educateur-et-educateur-specialise-quelles-differences\/","title":{"rendered":"Moniteur \u00e9ducateur et \u00e9ducateur sp\u00e9cialis\u00e9 : quelles diff\u00e9rences ?"},"content":{"rendered":"<p>Dans le champ du travail social, les m\u00e9tiers de moniteur-\u00e9ducateur et d\u2019\u00e9ducateur sp\u00e9cialis\u00e9 sont souvent associ\u00e9s, parfois confondus. Ils partagent en effet des valeurs communes, des publics similaires et un travail quotidien en \u00e9quipe. <strong>Pourtant, ces deux fonctions reposent sur des postures professionnelles, des niveaux de responsabilit\u00e9 et des formations distincts.<\/strong><\/p>\n<p>Dans cet article, nous vous proposons une \u00e9clairage comparatif afin de mieux cerner les sp\u00e9cificit\u00e9s de chaque m\u00e9tier, et leur compl\u00e9mentarit\u00e9 sur le terrain.<\/p>\n<h2>Deux m\u00e9tiers, une m\u00eame vocation<\/h2>\n<p>Le moniteur-\u00e9ducateur (ME) et l\u2019<a href=\"https:\/\/www.staffsocial.fr\/contenu\/faciliter-linsertion-et-lautonomie-zoom-sur-le-metier-deducateur-specialise\/\" target=\"_blank\" rel=\"noopener\">\u00e9ducateur sp\u00e9cialis\u00e9 (ES)<\/a> interviennent aupr\u00e8s de publics vari\u00e9s : enfants, adolescents, adultes en situation de handicap, personnes en difficult\u00e9 sociale ou en situation de vuln\u00e9rabilit\u00e9. <strong>Tous deux s\u2019inscrivent dans une d\u00e9marche d\u2019accompagnement \u00e9ducatif, social et relationnel, visant l\u2019autonomie, l\u2019inclusion et le bien-\u00eatre des personnes accompagn\u00e9es.<\/strong><\/p>\n<p>Ils partagent \u00e9galement un socle commun de valeurs : respect de la personne, prise en compte de son environnement, travail en \u00e9quipe et inscription dans un cadre institutionnel.<\/p>\n<p>Cependant, les modalit\u00e9s d\u2019intervention et le positionnement professionnel diff\u00e8rent.<\/p>\n<h2>Le moniteur-\u00e9ducateur : un professionnel du quotidien<\/h2>\n<h2 style=\"text-align: center;\"><img loading=\"lazy\" decoding=\"async\" class=\"aligncenter wp-image-6880\" src=\"https:\/\/content.staffsocial.fr\/wp-content\/uploads\/2026\/01\/moniteur-educateur-1024x683.jpg\" alt=\"moniteur \u00e9ducateur missions\" width=\"375\" height=\"250\" srcset=\"https:\/\/content.staffsocial.fr\/wp-content\/uploads\/2026\/01\/moniteur-educateur-1024x683.jpg 1024w, https:\/\/content.staffsocial.fr\/wp-content\/uploads\/2026\/01\/moniteur-educateur-300x200.jpg 300w, https:\/\/content.staffsocial.fr\/wp-content\/uploads\/2026\/01\/moniteur-educateur-350x233.jpg 350w, https:\/\/content.staffsocial.fr\/wp-content\/uploads\/2026\/01\/moniteur-educateur-768x512.jpg 768w, https:\/\/content.staffsocial.fr\/wp-content\/uploads\/2026\/01\/moniteur-educateur.jpg 1200w\" sizes=\"auto, (max-width: 375px) 100vw, 375px\" \/><\/h2>\n<p>Le moniteur-\u00e9ducateur occupe une place centrale dans la vie quotidienne des personnes accompagn\u00e9es. <strong>Il est un acteur de proximit\u00e9, pr\u00e9sent dans les temps informels et les moments ordinaires qui constituent le c\u0153ur de l\u2019accompagnement \u00e9ducatif.<\/strong><\/p>\n<p>Ses missions principales :<\/p>\n<ul>\n<li>Accompagner les actes de la vie quotidienne (repas, hygi\u00e8ne, d\u00e9placements, loisirs)<\/li>\n<li>Mettre en place et animer des activit\u00e9s \u00e9ducatives, culturelles ou de socialisation<\/li>\n<li>Observer les comportements, rep\u00e9rer les \u00e9volutions ou difficult\u00e9s<\/li>\n<li>Participer \u00e0 la mise en \u0153uvre du projet \u00e9ducatif<\/li>\n<li>Transmettre ses observations \u00e0 l\u2019\u00e9quipe pluridisciplinaire<\/li>\n<\/ul>\n<p>Le moniteur-\u00e9ducateur est souvent celui qui conna\u00eet le mieux le quotidien des personnes accompagn\u00e9es. Son r\u00f4le est essentiel pour <strong>instaurer une relation de confiance<\/strong>, s\u00e9curisante et structurante.<\/p>\n<p style=\"text-align: center;\"><a class=\"button\" href=\"https:\/\/www.staffsocial.fr\/offres-emploi-m-moniteur-educateur\" target=\"_blank\" rel=\"noopener noreferrer\">voir les offres d&#8217;emploi de moniteur-\u00e9ducateur<\/a><\/p>\n<h2 style=\"text-align: center;\"><\/h2>\n<h2>L\u2019\u00e9ducateur sp\u00e9cialis\u00e9 : r\u00e9f\u00e9rent du projet \u00e9ducatif<\/h2>\n<p style=\"text-align: center;\"><img loading=\"lazy\" decoding=\"async\" class=\"aligncenter wp-image-6883\" src=\"https:\/\/content.staffsocial.fr\/wp-content\/uploads\/2026\/01\/educateur-speicalise-1024x683.jpg\" alt=\"\u00e9ducateur sp\u00e9cialis\u00e9 missions\" width=\"421\" height=\"281\" srcset=\"https:\/\/content.staffsocial.fr\/wp-content\/uploads\/2026\/01\/educateur-speicalise-1024x683.jpg 1024w, https:\/\/content.staffsocial.fr\/wp-content\/uploads\/2026\/01\/educateur-speicalise-300x200.jpg 300w, https:\/\/content.staffsocial.fr\/wp-content\/uploads\/2026\/01\/educateur-speicalise-350x234.jpg 350w, https:\/\/content.staffsocial.fr\/wp-content\/uploads\/2026\/01\/educateur-speicalise-768x513.jpg 768w, https:\/\/content.staffsocial.fr\/wp-content\/uploads\/2026\/01\/educateur-speicalise-1536x1025.jpg 1536w, https:\/\/content.staffsocial.fr\/wp-content\/uploads\/2026\/01\/educateur-speicalise-2048x1367.jpg 2048w\" sizes=\"auto, (max-width: 421px) 100vw, 421px\" \/><\/p>\n<p>L\u2019\u00e9ducateur sp\u00e9cialis\u00e9 se situe davantage dans une logique de coordination et d\u2019analyse.<strong> Il est g\u00e9n\u00e9ralement r\u00e9f\u00e9rent de plusieurs personnes accompagn\u00e9es et garantit la coh\u00e9rence du projet \u00e9ducatif, au sein d&rsquo;une \u00e9quipe pluridisciplinaire.<\/strong><\/p>\n<p>Ses missions principales :<\/p>\n<ul>\n<li>\u00c9laborer, suivre et \u00e9valuer les projets \u00e9ducatifs individualis\u00e9s<\/li>\n<li>Coordonner les actions \u00e9ducatives au sein de l\u2019\u00e9quipe<\/li>\n<li>Travailler avec les familles et les partenaires (\u00e9cole, justice, sant\u00e9, protection de l\u2019enfance\u2026)<\/li>\n<li>R\u00e9diger des \u00e9crits professionnels (bilans, rapports, synth\u00e8ses)<\/li>\n<li>Participer \u00e0 la r\u00e9flexion institutionnelle et aux orientations de service<\/li>\n<\/ul>\n<p>L\u2019\u00e9ducateur sp\u00e9cialis\u00e9 <strong>adopte une vision globale des situations,<\/strong> int\u00e9grant les dimensions \u00e9ducatives, sociales, familiales et institutionnelles.<\/p>\n<p style=\"text-align: center;\"><a class=\"button\" href=\"https:\/\/www.staffsocial.fr\/offres-emploi-m-educateur-specialise\" target=\"_blank\" rel=\"noopener noreferrer\">Voir les offres d&rsquo;\u00e9ducateur sp\u00e9cialis\u00e9<\/a><\/p>\n<h2>Formation et niveau de qualification : des parcours distincts<\/h2>\n<p>Les formations ne sont pas les m\u00eames pour exercer en tant que moniteur-\u00e9ducateur ou \u00e9ducateur sp\u00e9cialis\u00e9.<\/p>\n<h3>Moniteur-\u00e9ducateur<\/h3>\n<ul>\n<li>Dipl\u00f4me d\u2019\u00c9tat de niveau 4 (\u00e9quivalent bac)<\/li>\n<li>Formation d\u2019environ 2 ans<\/li>\n<li>Approche tr\u00e8s professionnalisante, centr\u00e9e sur la pratique \u00e9ducative, la relation et le quotidien<\/li>\n<\/ul>\n<h3>\u00c9ducateur sp\u00e9cialis\u00e9<\/h3>\n<ul>\n<li>Dipl\u00f4me d\u2019\u00c9tat de niveau 6 (bac +3)<\/li>\n<li>Formation sur 3 ans<\/li>\n<li>Contenus ax\u00e9s sur l\u2019analyse des situations complexes, la m\u00e9thodologie de projet, les politiques sociales et le travail en r\u00e9seau<\/li>\n<\/ul>\n<p>Ces diff\u00e9rences de formation expliquent les niveaux de responsabilit\u00e9 et d\u2019autonomie distincts entre les deux m\u00e9tiers.<\/p>\n<h2>\u00c9volutions professionnelles et passerelles<\/h2>\n<p>Les perspectives d\u2019\u00e9volution diff\u00e8rent \u00e9galement. <strong>Le m\u00e9tier de moniteur-\u00e9ducateur offre la possibilit\u00e9, apr\u00e8s quelques ann\u00e9es d\u2019exp\u00e9rience, d\u2019acc\u00e9der \u00e0 la formation d\u2019\u00e9ducateur sp\u00e9cialis\u00e9<\/strong> par des passerelles ou des all\u00e8gements de parcours.<\/p>\n<p><strong>L\u2019\u00e9ducateur sp\u00e9cialis\u00e9 dispose de davantage d\u2019opportunit\u00e9s d\u2019\u00e9volution vers des fonctions de coordination, de chef de service ou de direction<\/strong>, apr\u00e8s formation compl\u00e9mentaire.<\/p>\n<p>Ces trajectoires montrent que le choix entre ME et ES n\u2019est pas fig\u00e9 et peut s\u2019inscrire dans un parcours professionnel \u00e9volutif.<\/p>\n<h2>Quel m\u00e9tier pour quel profil ?<\/h2>\n<p>Vous ne savez pas vers quel m\u00e9tier vous tourner ? Le choix entre moniteur-\u00e9ducateur et \u00e9ducateur sp\u00e9cialis\u00e9 d\u00e9pend autant des comp\u00e9tences que des aspirations personnelles.<\/p>\n<p><strong>Le moniteur-\u00e9ducateur correspond davantage \u00e0 des profils aimant le terrain<\/strong>, le concret, la relation \u00e9ducative au quotidien et la pr\u00e9sence aupr\u00e8s des personnes.<\/p>\n<p><strong>L\u2019\u00e9ducateur sp\u00e9cialis\u00e9 s\u2019adresse \u00e0 ceux qui souhaitent analyser<\/strong>, structurer, coordonner et porter des projets, avec une app\u00e9tence pour l\u2019\u00e9crit et le travail pluridisciplinaire.<\/p>\n<p>&#8212;<\/p>\n<p>Moniteur-\u00e9ducateur et \u00e9ducateur sp\u00e9cialis\u00e9 sont deux piliers du travail social. S\u2019ils diff\u00e8rent par leur niveau de responsabilit\u00e9, leur formation et leur posture professionnelle, ils partagent une m\u00eame ambition : accompagner les personnes vers plus d\u2019autonomie et de dignit\u00e9.<br \/>\nMieux comprendre ces m\u00e9tiers, c\u2019est permettre aux futurs professionnels de s\u2019orienter de mani\u00e8re \u00e9clair\u00e9e et aux \u00e9quipes de valoriser la richesse de leurs compl\u00e9mentarit\u00e9s.<\/p>\n","protected":false},"excerpt":{"rendered":"<p>Dans le champ du travail social, les m\u00e9tiers de moniteur-\u00e9ducateur et d\u2019\u00e9ducateur sp\u00e9cialis\u00e9 sont souvent associ\u00e9s, parfois confondus. Pourtant, ces deux fonctions reposent sur des postures professionnelles, des niveaux de responsabilit\u00e9 et des formations distincts.<\/p>\n","protected":false},"author":1,"featured_media":6878,"comment_status":"closed","ping_status":"closed","sticky":false,"template":"","format":"standard","meta":{"_acf_changed":false,"footnotes":""},"categories":[2,281,34],"tags":[],"class_list":["post-6870","post","type-post","status-publish","format-standard","has-post-thumbnail","hentry","category-actualites","category-conseils","category-metiers-en-social"],"acf":[],"yoast_head":"<!-- This site is optimized with the Yoast SEO plugin v27.3 - https:\/\/yoast.com\/product\/yoast-seo-wordpress\/ -->\n<title>Moniteur-\u00e9ducateur et \u00e9ducateur sp\u00e9cialis\u00e9 : quelles diff\u00e9rences ?<\/title>\n<meta name=\"description\" content=\"Les m\u00e9tiers de moniteur-\u00e9ducateur et d\u2019\u00e9ducateur sp\u00e9cialis\u00e9 sont souvent associ\u00e9s, parfois confondus. Quelles sont leurs diff\u00e9rences ?\" \/>\n<meta name=\"robots\" content=\"index, follow, max-snippet:-1, max-image-preview:large, max-video-preview:-1\" \/>\n<link rel=\"canonical\" href=\"https:\/\/www.staffsocial.fr\/contenu\/moniteur-educateur-et-educateur-specialise-quelles-differences\/\" \/>\n<meta property=\"og:locale\" content=\"fr_FR\" \/>\n<meta property=\"og:type\" content=\"article\" \/>\n<meta property=\"og:title\" content=\"Moniteur-\u00e9ducateur et \u00e9ducateur sp\u00e9cialis\u00e9 : quelles diff\u00e9rences ?\" \/>\n<meta property=\"og:description\" content=\"Les m\u00e9tiers de moniteur-\u00e9ducateur et d\u2019\u00e9ducateur sp\u00e9cialis\u00e9 sont souvent associ\u00e9s, parfois confondus. Quelles sont leurs diff\u00e9rences ?\" \/>\n<meta property=\"og:url\" content=\"https:\/\/www.staffsocial.fr\/contenu\/moniteur-educateur-et-educateur-specialise-quelles-differences\/\" \/>\n<meta property=\"og:site_name\" content=\"Staffsocial\" \/>\n<meta property=\"article:published_time\" content=\"2026-01-30T10:09:15+00:00\" \/>\n<meta property=\"article:modified_time\" content=\"2026-02-27T11:40:03+00:00\" \/>\n<meta property=\"og:image\" content=\"https:\/\/content.staffsocial.fr\/wp-content\/uploads\/2026\/01\/Visuel-publication-FB.png\" \/>\n\t<meta property=\"og:image:width\" content=\"940\" \/>\n\t<meta property=\"og:image:height\" content=\"788\" \/>\n\t<meta property=\"og:image:type\" content=\"image\/png\" \/>\n<meta name=\"author\" content=\"Cl\u00e9ment Wasselin\" \/>\n<meta name=\"twitter:card\" content=\"summary_large_image\" \/>\n<meta name=\"twitter:label1\" content=\"\u00c9crit par\" \/>\n\t<meta name=\"twitter:data1\" content=\"Cl\u00e9ment Wasselin\" \/>\n\t<meta name=\"twitter:label2\" content=\"Dur\u00e9e de lecture estim\u00e9e\" \/>\n\t<meta name=\"twitter:data2\" content=\"5 minutes\" \/>\n<script type=\"application\/ld+json\" class=\"yoast-schema-graph\">{\"@context\":\"https:\\\/\\\/schema.org\",\"@graph\":[{\"@type\":\"Article\",\"@id\":\"https:\\\/\\\/www.staffsocial.fr\\\/contenu\\\/moniteur-educateur-et-educateur-specialise-quelles-differences\\\/#article\",\"isPartOf\":{\"@id\":\"https:\\\/\\\/www.staffsocial.fr\\\/contenu\\\/moniteur-educateur-et-educateur-specialise-quelles-differences\\\/\"},\"author\":{\"name\":\"Cl\u00e9ment Wasselin\",\"@id\":\"https:\\\/\\\/www.staffsocial.fr\\\/contenu\\\/#\\\/schema\\\/person\\\/4088b17fbb089dddcc7a7cffeea82499\"},\"headline\":\"Moniteur \u00e9ducateur et \u00e9ducateur sp\u00e9cialis\u00e9 : quelles diff\u00e9rences ?\",\"datePublished\":\"2026-01-30T10:09:15+00:00\",\"dateModified\":\"2026-02-27T11:40:03+00:00\",\"mainEntityOfPage\":{\"@id\":\"https:\\\/\\\/www.staffsocial.fr\\\/contenu\\\/moniteur-educateur-et-educateur-specialise-quelles-differences\\\/\"},\"wordCount\":841,\"publisher\":{\"@id\":\"https:\\\/\\\/www.staffsocial.fr\\\/contenu\\\/#organization\"},\"image\":{\"@id\":\"https:\\\/\\\/www.staffsocial.fr\\\/contenu\\\/moniteur-educateur-et-educateur-specialise-quelles-differences\\\/#primaryimage\"},\"thumbnailUrl\":\"https:\\\/\\\/content.staffsocial.fr\\\/wp-content\\\/uploads\\\/2026\\\/01\\\/Image-mise-en-avant-28.png\",\"articleSection\":[\"Actualit\u00e9s\",\"G\u00e9rer sa carri\u00e8re\",\"M\u00e9tiers en m\u00e9dico-social et social\"],\"inLanguage\":\"fr-FR\"},{\"@type\":\"WebPage\",\"@id\":\"https:\\\/\\\/www.staffsocial.fr\\\/contenu\\\/moniteur-educateur-et-educateur-specialise-quelles-differences\\\/\",\"url\":\"https:\\\/\\\/www.staffsocial.fr\\\/contenu\\\/moniteur-educateur-et-educateur-specialise-quelles-differences\\\/\",\"name\":\"Moniteur-\u00e9ducateur et \u00e9ducateur sp\u00e9cialis\u00e9 : quelles diff\u00e9rences ?\",\"isPartOf\":{\"@id\":\"https:\\\/\\\/www.staffsocial.fr\\\/contenu\\\/#website\"},\"primaryImageOfPage\":{\"@id\":\"https:\\\/\\\/www.staffsocial.fr\\\/contenu\\\/moniteur-educateur-et-educateur-specialise-quelles-differences\\\/#primaryimage\"},\"image\":{\"@id\":\"https:\\\/\\\/www.staffsocial.fr\\\/contenu\\\/moniteur-educateur-et-educateur-specialise-quelles-differences\\\/#primaryimage\"},\"thumbnailUrl\":\"https:\\\/\\\/content.staffsocial.fr\\\/wp-content\\\/uploads\\\/2026\\\/01\\\/Image-mise-en-avant-28.png\",\"datePublished\":\"2026-01-30T10:09:15+00:00\",\"dateModified\":\"2026-02-27T11:40:03+00:00\",\"description\":\"Les m\u00e9tiers de moniteur-\u00e9ducateur et d\u2019\u00e9ducateur sp\u00e9cialis\u00e9 sont souvent associ\u00e9s, parfois confondus. Quelles sont leurs diff\u00e9rences ?\",\"breadcrumb\":{\"@id\":\"https:\\\/\\\/www.staffsocial.fr\\\/contenu\\\/moniteur-educateur-et-educateur-specialise-quelles-differences\\\/#breadcrumb\"},\"inLanguage\":\"fr-FR\",\"potentialAction\":[{\"@type\":\"ReadAction\",\"target\":[\"https:\\\/\\\/www.staffsocial.fr\\\/contenu\\\/moniteur-educateur-et-educateur-specialise-quelles-differences\\\/\"]}]},{\"@type\":\"ImageObject\",\"inLanguage\":\"fr-FR\",\"@id\":\"https:\\\/\\\/www.staffsocial.fr\\\/contenu\\\/moniteur-educateur-et-educateur-specialise-quelles-differences\\\/#primaryimage\",\"url\":\"https:\\\/\\\/content.staffsocial.fr\\\/wp-content\\\/uploads\\\/2026\\\/01\\\/Image-mise-en-avant-28.png\",\"contentUrl\":\"https:\\\/\\\/content.staffsocial.fr\\\/wp-content\\\/uploads\\\/2026\\\/01\\\/Image-mise-en-avant-28.png\",\"width\":2000,\"height\":500,\"caption\":\"diff\u00e9rences moniteur \u00e9ducateur \u00e9ducateur sp\u00e9cialis\u00e9\"},{\"@type\":\"BreadcrumbList\",\"@id\":\"https:\\\/\\\/www.staffsocial.fr\\\/contenu\\\/moniteur-educateur-et-educateur-specialise-quelles-differences\\\/#breadcrumb\",\"itemListElement\":[{\"@type\":\"ListItem\",\"position\":1,\"name\":\"Home\",\"item\":\"https:\\\/\\\/www.staffsocial.fr\\\/contenu\\\/\"},{\"@type\":\"ListItem\",\"position\":2,\"name\":\"Moniteur \u00e9ducateur et \u00e9ducateur sp\u00e9cialis\u00e9 : quelles diff\u00e9rences ?\"}]},{\"@type\":\"WebSite\",\"@id\":\"https:\\\/\\\/www.staffsocial.fr\\\/contenu\\\/#website\",\"url\":\"https:\\\/\\\/www.staffsocial.fr\\\/contenu\\\/\",\"name\":\"Staffsocial\",\"description\":\"Offres d&#039;emploi et actualit\u00e9s des professionnels de sant\u00e9\",\"publisher\":{\"@id\":\"https:\\\/\\\/www.staffsocial.fr\\\/contenu\\\/#organization\"},\"potentialAction\":[{\"@type\":\"SearchAction\",\"target\":{\"@type\":\"EntryPoint\",\"urlTemplate\":\"https:\\\/\\\/www.staffsocial.fr\\\/contenu\\\/?s={search_term_string}\"},\"query-input\":{\"@type\":\"PropertyValueSpecification\",\"valueRequired\":true,\"valueName\":\"search_term_string\"}}],\"inLanguage\":\"fr-FR\"},{\"@type\":\"Organization\",\"@id\":\"https:\\\/\\\/www.staffsocial.fr\\\/contenu\\\/#organization\",\"name\":\"Staffsocial\",\"url\":\"https:\\\/\\\/www.staffsocial.fr\\\/contenu\\\/\",\"logo\":{\"@type\":\"ImageObject\",\"inLanguage\":\"fr-FR\",\"@id\":\"https:\\\/\\\/www.staffsocial.fr\\\/contenu\\\/#\\\/schema\\\/logo\\\/image\\\/\",\"url\":\"https:\\\/\\\/content.staffsocial.fr\\\/wp-content\\\/uploads\\\/2019\\\/11\\\/logo-staffsocial_RGB_fond_blanc.jpg\",\"contentUrl\":\"https:\\\/\\\/content.staffsocial.fr\\\/wp-content\\\/uploads\\\/2019\\\/11\\\/logo-staffsocial_RGB_fond_blanc.jpg\",\"width\":2225,\"height\":592,\"caption\":\"Staffsocial\"},\"image\":{\"@id\":\"https:\\\/\\\/www.staffsocial.fr\\\/contenu\\\/#\\\/schema\\\/logo\\\/image\\\/\"}},{\"@type\":\"Person\",\"@id\":\"https:\\\/\\\/www.staffsocial.fr\\\/contenu\\\/#\\\/schema\\\/person\\\/4088b17fbb089dddcc7a7cffeea82499\",\"name\":\"Cl\u00e9ment Wasselin\",\"image\":{\"@type\":\"ImageObject\",\"inLanguage\":\"fr-FR\",\"@id\":\"https:\\\/\\\/secure.gravatar.com\\\/avatar\\\/519c2bb318af16abc2306be78ea406d741de81953d506b5def07362b351f5020?s=96&d=mm&r=g\",\"url\":\"https:\\\/\\\/secure.gravatar.com\\\/avatar\\\/519c2bb318af16abc2306be78ea406d741de81953d506b5def07362b351f5020?s=96&d=mm&r=g\",\"contentUrl\":\"https:\\\/\\\/secure.gravatar.com\\\/avatar\\\/519c2bb318af16abc2306be78ea406d741de81953d506b5def07362b351f5020?s=96&d=mm&r=g\",\"caption\":\"Cl\u00e9ment Wasselin\"},\"url\":\"https:\\\/\\\/www.staffsocial.fr\\\/contenu\\\/author\\\/admin_social_content\\\/\"}]}<\/script>\n<!-- \/ Yoast SEO plugin. -->","yoast_head_json":{"title":"Moniteur-\u00e9ducateur et \u00e9ducateur sp\u00e9cialis\u00e9 : quelles diff\u00e9rences ?","description":"Les m\u00e9tiers de moniteur-\u00e9ducateur et d\u2019\u00e9ducateur sp\u00e9cialis\u00e9 sont souvent associ\u00e9s, parfois confondus. Quelles sont leurs diff\u00e9rences ?","robots":{"index":"index","follow":"follow","max-snippet":"max-snippet:-1","max-image-preview":"max-image-preview:large","max-video-preview":"max-video-preview:-1"},"canonical":"https:\/\/www.staffsocial.fr\/contenu\/moniteur-educateur-et-educateur-specialise-quelles-differences\/","og_locale":"fr_FR","og_type":"article","og_title":"Moniteur-\u00e9ducateur et \u00e9ducateur sp\u00e9cialis\u00e9 : quelles diff\u00e9rences ?","og_description":"Les m\u00e9tiers de moniteur-\u00e9ducateur et d\u2019\u00e9ducateur sp\u00e9cialis\u00e9 sont souvent associ\u00e9s, parfois confondus. Quelles sont leurs diff\u00e9rences ?","og_url":"https:\/\/www.staffsocial.fr\/contenu\/moniteur-educateur-et-educateur-specialise-quelles-differences\/","og_site_name":"Staffsocial","article_published_time":"2026-01-30T10:09:15+00:00","article_modified_time":"2026-02-27T11:40:03+00:00","og_image":[{"width":940,"height":788,"url":"https:\/\/content.staffsocial.fr\/wp-content\/uploads\/2026\/01\/Visuel-publication-FB.png","type":"image\/png"}],"author":"Cl\u00e9ment Wasselin","twitter_card":"summary_large_image","twitter_misc":{"\u00c9crit par":"Cl\u00e9ment Wasselin","Dur\u00e9e de lecture estim\u00e9e":"5 minutes"},"schema":{"@context":"https:\/\/schema.org","@graph":[{"@type":"Article","@id":"https:\/\/www.staffsocial.fr\/contenu\/moniteur-educateur-et-educateur-specialise-quelles-differences\/#article","isPartOf":{"@id":"https:\/\/www.staffsocial.fr\/contenu\/moniteur-educateur-et-educateur-specialise-quelles-differences\/"},"author":{"name":"Cl\u00e9ment Wasselin","@id":"https:\/\/www.staffsocial.fr\/contenu\/#\/schema\/person\/4088b17fbb089dddcc7a7cffeea82499"},"headline":"Moniteur \u00e9ducateur et \u00e9ducateur sp\u00e9cialis\u00e9 : quelles diff\u00e9rences ?","datePublished":"2026-01-30T10:09:15+00:00","dateModified":"2026-02-27T11:40:03+00:00","mainEntityOfPage":{"@id":"https:\/\/www.staffsocial.fr\/contenu\/moniteur-educateur-et-educateur-specialise-quelles-differences\/"},"wordCount":841,"publisher":{"@id":"https:\/\/www.staffsocial.fr\/contenu\/#organization"},"image":{"@id":"https:\/\/www.staffsocial.fr\/contenu\/moniteur-educateur-et-educateur-specialise-quelles-differences\/#primaryimage"},"thumbnailUrl":"https:\/\/content.staffsocial.fr\/wp-content\/uploads\/2026\/01\/Image-mise-en-avant-28.png","articleSection":["Actualit\u00e9s","G\u00e9rer sa carri\u00e8re","M\u00e9tiers en m\u00e9dico-social et social"],"inLanguage":"fr-FR"},{"@type":"WebPage","@id":"https:\/\/www.staffsocial.fr\/contenu\/moniteur-educateur-et-educateur-specialise-quelles-differences\/","url":"https:\/\/www.staffsocial.fr\/contenu\/moniteur-educateur-et-educateur-specialise-quelles-differences\/","name":"Moniteur-\u00e9ducateur et \u00e9ducateur sp\u00e9cialis\u00e9 : quelles diff\u00e9rences ?","isPartOf":{"@id":"https:\/\/www.staffsocial.fr\/contenu\/#website"},"primaryImageOfPage":{"@id":"https:\/\/www.staffsocial.fr\/contenu\/moniteur-educateur-et-educateur-specialise-quelles-differences\/#primaryimage"},"image":{"@id":"https:\/\/www.staffsocial.fr\/contenu\/moniteur-educateur-et-educateur-specialise-quelles-differences\/#primaryimage"},"thumbnailUrl":"https:\/\/content.staffsocial.fr\/wp-content\/uploads\/2026\/01\/Image-mise-en-avant-28.png","datePublished":"2026-01-30T10:09:15+00:00","dateModified":"2026-02-27T11:40:03+00:00","description":"Les m\u00e9tiers de moniteur-\u00e9ducateur et d\u2019\u00e9ducateur sp\u00e9cialis\u00e9 sont souvent associ\u00e9s, parfois confondus. Quelles sont leurs diff\u00e9rences ?","breadcrumb":{"@id":"https:\/\/www.staffsocial.fr\/contenu\/moniteur-educateur-et-educateur-specialise-quelles-differences\/#breadcrumb"},"inLanguage":"fr-FR","potentialAction":[{"@type":"ReadAction","target":["https:\/\/www.staffsocial.fr\/contenu\/moniteur-educateur-et-educateur-specialise-quelles-differences\/"]}]},{"@type":"ImageObject","inLanguage":"fr-FR","@id":"https:\/\/www.staffsocial.fr\/contenu\/moniteur-educateur-et-educateur-specialise-quelles-differences\/#primaryimage","url":"https:\/\/content.staffsocial.fr\/wp-content\/uploads\/2026\/01\/Image-mise-en-avant-28.png","contentUrl":"https:\/\/content.staffsocial.fr\/wp-content\/uploads\/2026\/01\/Image-mise-en-avant-28.png","width":2000,"height":500,"caption":"diff\u00e9rences moniteur \u00e9ducateur \u00e9ducateur sp\u00e9cialis\u00e9"},{"@type":"BreadcrumbList","@id":"https:\/\/www.staffsocial.fr\/contenu\/moniteur-educateur-et-educateur-specialise-quelles-differences\/#breadcrumb","itemListElement":[{"@type":"ListItem","position":1,"name":"Home","item":"https:\/\/www.staffsocial.fr\/contenu\/"},{"@type":"ListItem","position":2,"name":"Moniteur \u00e9ducateur et \u00e9ducateur sp\u00e9cialis\u00e9 : quelles diff\u00e9rences ?"}]},{"@type":"WebSite","@id":"https:\/\/www.staffsocial.fr\/contenu\/#website","url":"https:\/\/www.staffsocial.fr\/contenu\/","name":"Staffsocial","description":"Offres d&#039;emploi et actualit\u00e9s des professionnels de sant\u00e9","publisher":{"@id":"https:\/\/www.staffsocial.fr\/contenu\/#organization"},"potentialAction":[{"@type":"SearchAction","target":{"@type":"EntryPoint","urlTemplate":"https:\/\/www.staffsocial.fr\/contenu\/?s={search_term_string}"},"query-input":{"@type":"PropertyValueSpecification","valueRequired":true,"valueName":"search_term_string"}}],"inLanguage":"fr-FR"},{"@type":"Organization","@id":"https:\/\/www.staffsocial.fr\/contenu\/#organization","name":"Staffsocial","url":"https:\/\/www.staffsocial.fr\/contenu\/","logo":{"@type":"ImageObject","inLanguage":"fr-FR","@id":"https:\/\/www.staffsocial.fr\/contenu\/#\/schema\/logo\/image\/","url":"https:\/\/content.staffsocial.fr\/wp-content\/uploads\/2019\/11\/logo-staffsocial_RGB_fond_blanc.jpg","contentUrl":"https:\/\/content.staffsocial.fr\/wp-content\/uploads\/2019\/11\/logo-staffsocial_RGB_fond_blanc.jpg","width":2225,"height":592,"caption":"Staffsocial"},"image":{"@id":"https:\/\/www.staffsocial.fr\/contenu\/#\/schema\/logo\/image\/"}},{"@type":"Person","@id":"https:\/\/www.staffsocial.fr\/contenu\/#\/schema\/person\/4088b17fbb089dddcc7a7cffeea82499","name":"Cl\u00e9ment Wasselin","image":{"@type":"ImageObject","inLanguage":"fr-FR","@id":"https:\/\/secure.gravatar.com\/avatar\/519c2bb318af16abc2306be78ea406d741de81953d506b5def07362b351f5020?s=96&d=mm&r=g","url":"https:\/\/secure.gravatar.com\/avatar\/519c2bb318af16abc2306be78ea406d741de81953d506b5def07362b351f5020?s=96&d=mm&r=g","contentUrl":"https:\/\/secure.gravatar.com\/avatar\/519c2bb318af16abc2306be78ea406d741de81953d506b5def07362b351f5020?s=96&d=mm&r=g","caption":"Cl\u00e9ment Wasselin"},"url":"https:\/\/www.staffsocial.fr\/contenu\/author\/admin_social_content\/"}]}},"_links":{"self":[{"href":"https:\/\/www.staffsocial.fr\/contenu\/wp-json\/wp\/v2\/posts\/6870","targetHints":{"allow":["GET"]}}],"collection":[{"href":"https:\/\/www.staffsocial.fr\/contenu\/wp-json\/wp\/v2\/posts"}],"about":[{"href":"https:\/\/www.staffsocial.fr\/contenu\/wp-json\/wp\/v2\/types\/post"}],"author":[{"embeddable":true,"href":"https:\/\/www.staffsocial.fr\/contenu\/wp-json\/wp\/v2\/users\/1"}],"replies":[{"embeddable":true,"href":"https:\/\/www.staffsocial.fr\/contenu\/wp-json\/wp\/v2\/comments?post=6870"}],"version-history":[{"count":12,"href":"https:\/\/www.staffsocial.fr\/contenu\/wp-json\/wp\/v2\/posts\/6870\/revisions"}],"predecessor-version":[{"id":6922,"href":"https:\/\/www.staffsocial.fr\/contenu\/wp-json\/wp\/v2\/posts\/6870\/revisions\/6922"}],"wp:featuredmedia":[{"embeddable":true,"href":"https:\/\/www.staffsocial.fr\/contenu\/wp-json\/wp\/v2\/media\/6878"}],"wp:attachment":[{"href":"https:\/\/www.staffsocial.fr\/contenu\/wp-json\/wp\/v2\/media?parent=6870"}],"wp:term":[{"taxonomy":"category","embeddable":true,"href":"https:\/\/www.staffsocial.fr\/contenu\/wp-json\/wp\/v2\/categories?post=6870"},{"taxonomy":"post_tag","embeddable":true,"href":"https:\/\/www.staffsocial.fr\/contenu\/wp-json\/wp\/v2\/tags?post=6870"}],"curies":[{"name":"wp","href":"https:\/\/api.w.org\/{rel}","templated":true}]}}