{"id":6795,"date":"2025-09-25T08:35:15","date_gmt":"2025-09-25T08:35:15","guid":{"rendered":"https:\/\/www.staffsocial.fr\/contenu\/?p=6795"},"modified":"2025-10-08T11:54:07","modified_gmt":"2025-10-08T11:54:07","slug":"infirmier-coordinateur-en-ehpad-ce-qui-change","status":"publish","type":"post","link":"https:\/\/www.staffsocial.fr\/contenu\/infirmier-coordinateur-en-ehpad-ce-qui-change\/","title":{"rendered":"Infirmier coordinateur en Ehpad : ce qui change"},"content":{"rendered":"<p><strong>Nouvelle \u00e9tape pour les IDEC ! <a href=\"https:\/\/www.legifrance.gouv.fr\/jorf\/id\/JORFTEXT000052197946\" target=\"_blank\" rel=\"noopener\">Un d\u00e9cret paru dans le Journal Officiel du 6 septembre<\/a> officialise leurs missions et revoit celles des m\u00e9decins coordonnateurs.<\/strong><\/p>\n<p>On t&rsquo;en dit plus.<\/p>\n<h2>Reconnaissance des infirmiers coordonnateurs<\/h2>\n<p>En Ehpad, l&rsquo;infirmier coordinateur a un r\u00f4le de management de proximit\u00e9. M\u00eame si la profession ne date pas d&rsquo;hier, <strong>son r\u00f4le et ses missions sont officiellement reconnus<\/strong> :<\/p>\n<p><em>\u00ab\u00a0L&rsquo;infimier coordinateur participe \u00e0 la coordination de l&rsquo;\u00e9quipe param\u00e9dicale, \u00e0 l&rsquo;organisation et \u00e0 la qualit\u00e9 des soins param\u00e9dicaux r\u00e9alis\u00e9s par l&rsquo;\u00e9quipe soignante et contribue aux projets d&rsquo;am\u00e9lioration continue de la qualit\u00e9 des soins\u00a0\u00bb<\/em><\/p>\n<p>Le d\u00e9cret pr\u00e9cise aussi les six missions de l&rsquo;IDEC, auparavant attribu\u00e9e au m\u00e9decin coordonnateur :<\/p>\n<ul>\n<li>Participer \u00e0 l&rsquo;<strong>\u00e9laboration et l&rsquo;\u00e9valuation du projet g\u00e9n\u00e9ral de soins<\/strong><\/li>\n<li>Donner son<strong> avis sur les admissions<\/strong> des personnes<\/li>\n<li><strong>\u00c9valuer l&rsquo;\u00e9tat de d\u00e9pendance des r\u00e9sidents e<\/strong>t leurs besoins en soins requis<\/li>\n<li>Veiller \u00e0 l&rsquo;<strong>application des bonnes pratiques<\/strong><\/li>\n<li>Participer \u00e0 la <strong>politique de formation<\/strong><\/li>\n<li>Participer \u00e0 l&rsquo;<strong>\u00e9laboration du rapport annuel<\/strong> d&rsquo;activit\u00e9 m\u00e9dicale<\/li>\n<\/ul>\n<p style=\"text-align: center;\"><strong>Tu es IDEC \u00e0 la recherche d&rsquo;un emploi ? <a href=\"https:\/\/www.staffsocial.fr\/recherche?utf8=%E2%9C%93&amp;job_search%5Bque%5D=infirmier+coordinateur&amp;job_search%5Bdonde%5D=&amp;button=\" target=\"_blank\" rel=\"noopener\">D\u00e9couvre les offres pr\u00e8s de chez toi \ud83d\udc48<\/a><\/strong><\/p>\n<h2>M\u00e9decin coordonnateur : \u00e9volution des missions<\/h2>\n<p><img loading=\"lazy\" decoding=\"async\" class=\"wp-image-6797 alignright\" src=\"https:\/\/content.staffsocial.fr\/wp-content\/uploads\/2025\/09\/doctor-tending-patient-1024x684.jpg\" alt=\"m\u00e9decin coordonnateur\" width=\"295\" height=\"197\" srcset=\"https:\/\/content.staffsocial.fr\/wp-content\/uploads\/2025\/09\/doctor-tending-patient-1024x684.jpg 1024w, https:\/\/content.staffsocial.fr\/wp-content\/uploads\/2025\/09\/doctor-tending-patient-300x200.jpg 300w, https:\/\/content.staffsocial.fr\/wp-content\/uploads\/2025\/09\/doctor-tending-patient-350x234.jpg 350w, https:\/\/content.staffsocial.fr\/wp-content\/uploads\/2025\/09\/doctor-tending-patient-768x513.jpg 768w, https:\/\/content.staffsocial.fr\/wp-content\/uploads\/2025\/09\/doctor-tending-patient.jpg 1200w\" sizes=\"auto, (max-width: 295px) 100vw, 295px\" \/><\/p>\n<p>Le m\u00e9tier de <a href=\"https:\/\/www.profilmedecin.fr\/recherche?quoi=m%C3%A9decin+coordonnateur&amp;ou=\" target=\"_blank\" rel=\"noopener\">m\u00e9decin coordonnateur<\/a> est plut\u00f4t r\u00e9cent puisqu&rsquo;il n&rsquo;est reconnu que depuis 1999. Son r\u00f4le est d<strong>&lsquo;assurer la qualit\u00e9 de la prise en charge m\u00e9dicale globale des r\u00e9sidents<\/strong>. Il peut intervenir sur plusieurs \u00e9tablissements, son temps de pr\u00e9sence d\u00e9pendant de la taille de la structure.<\/p>\n<p>Le d\u00e9cret du 4 septembre 2025 revient sur les missions des m\u00e9decins coordonnateurs en Ehpad. Ils peuvent d\u00e9sormais <strong>r\u00e9aliser le suivi des r\u00e9sidents<\/strong> &#8211; s&rsquo;ils le souhaitent &#8211; ainsi que <strong>les prescriptions<\/strong>.<\/p>\n<p>Le temps d\u00e9di\u00e9 aux suivis et le nombre de r\u00e9sidents seront dor\u00e9navant mentionn\u00e9s dans les contrats, pour le distinguer du temps de coordination.<\/p>\n","protected":false},"excerpt":{"rendered":"<p>Nouvelle \u00e9tape pour les IDEC ! Un d\u00e9cret paru dans le Journal Officiel du 6 septembre officialise leurs missions et revoit celles des missions coordonnateurs.<\/p>\n","protected":false},"author":1,"featured_media":6799,"comment_status":"closed","ping_status":"closed","sticky":false,"template":"","format":"standard","meta":{"_acf_changed":false,"footnotes":""},"categories":[2,281],"tags":[],"class_list":["post-6795","post","type-post","status-publish","format-standard","has-post-thumbnail","hentry","category-actualites","category-conseils"],"acf":[],"yoast_head":"<!-- This site is optimized with the Yoast SEO plugin v27.3 - https:\/\/yoast.com\/product\/yoast-seo-wordpress\/ -->\n<title>Infirmier coordinateur en Ehpad : ce qui change | Staffsocial<\/title>\n<meta name=\"description\" content=\"Nouvelle \u00e9tape pour les IDEC ! Un d\u00e9cret paru dans le Journal Officiel du 6 septembre officialise leurs missions et revoit celles des missions coordonnateurs. Infirmier coordinateur en Ehpad : un d\u00e9cret reconna\u00eet son r\u00f4le et ses missions.\" \/>\n<meta name=\"robots\" content=\"index, follow, max-snippet:-1, max-image-preview:large, max-video-preview:-1\" \/>\n<link rel=\"canonical\" href=\"https:\/\/www.staffsocial.fr\/contenu\/infirmier-coordinateur-en-ehpad-ce-qui-change\/\" \/>\n<meta property=\"og:locale\" content=\"fr_FR\" \/>\n<meta property=\"og:type\" content=\"article\" \/>\n<meta property=\"og:title\" content=\"Infirmier coordinateur en Ehpad : ce qui change | Staffsocial\" \/>\n<meta property=\"og:description\" content=\"Nouvelle \u00e9tape pour les IDEC ! Un d\u00e9cret paru dans le Journal Officiel du 6 septembre officialise leurs missions et revoit celles des missions coordonnateurs. Infirmier coordinateur en Ehpad : un d\u00e9cret reconna\u00eet son r\u00f4le et ses missions.\" \/>\n<meta property=\"og:url\" content=\"https:\/\/www.staffsocial.fr\/contenu\/infirmier-coordinateur-en-ehpad-ce-qui-change\/\" \/>\n<meta property=\"og:site_name\" content=\"Staffsocial\" \/>\n<meta property=\"article:published_time\" content=\"2025-09-25T08:35:15+00:00\" \/>\n<meta property=\"article:modified_time\" content=\"2025-10-08T11:54:07+00:00\" \/>\n<meta property=\"og:image\" content=\"https:\/\/content.staffsocial.fr\/wp-content\/uploads\/2025\/09\/Image-mise-en-avant-15.png\" \/>\n\t<meta property=\"og:image:width\" content=\"2000\" \/>\n\t<meta property=\"og:image:height\" content=\"500\" \/>\n\t<meta property=\"og:image:type\" content=\"image\/png\" \/>\n<meta name=\"author\" content=\"Cl\u00e9ment Wasselin\" \/>\n<meta name=\"twitter:card\" content=\"summary_large_image\" \/>\n<meta name=\"twitter:label1\" content=\"\u00c9crit par\" \/>\n\t<meta name=\"twitter:data1\" content=\"Cl\u00e9ment Wasselin\" \/>\n\t<meta name=\"twitter:label2\" content=\"Dur\u00e9e de lecture estim\u00e9e\" \/>\n\t<meta name=\"twitter:data2\" content=\"2 minutes\" \/>\n<script type=\"application\/ld+json\" class=\"yoast-schema-graph\">{\"@context\":\"https:\\\/\\\/schema.org\",\"@graph\":[{\"@type\":\"Article\",\"@id\":\"https:\\\/\\\/www.staffsocial.fr\\\/contenu\\\/infirmier-coordinateur-en-ehpad-ce-qui-change\\\/#article\",\"isPartOf\":{\"@id\":\"https:\\\/\\\/www.staffsocial.fr\\\/contenu\\\/infirmier-coordinateur-en-ehpad-ce-qui-change\\\/\"},\"author\":{\"name\":\"Cl\u00e9ment Wasselin\",\"@id\":\"https:\\\/\\\/www.staffsocial.fr\\\/contenu\\\/#\\\/schema\\\/person\\\/4088b17fbb089dddcc7a7cffeea82499\"},\"headline\":\"Infirmier coordinateur en Ehpad : ce qui change\",\"datePublished\":\"2025-09-25T08:35:15+00:00\",\"dateModified\":\"2025-10-08T11:54:07+00:00\",\"mainEntityOfPage\":{\"@id\":\"https:\\\/\\\/www.staffsocial.fr\\\/contenu\\\/infirmier-coordinateur-en-ehpad-ce-qui-change\\\/\"},\"wordCount\":318,\"publisher\":{\"@id\":\"https:\\\/\\\/www.staffsocial.fr\\\/contenu\\\/#organization\"},\"image\":{\"@id\":\"https:\\\/\\\/www.staffsocial.fr\\\/contenu\\\/infirmier-coordinateur-en-ehpad-ce-qui-change\\\/#primaryimage\"},\"thumbnailUrl\":\"https:\\\/\\\/content.staffsocial.fr\\\/wp-content\\\/uploads\\\/2025\\\/09\\\/Image-mise-en-avant-15.png\",\"articleSection\":[\"Actualit\u00e9s\",\"G\u00e9rer sa carri\u00e8re\"],\"inLanguage\":\"fr-FR\"},{\"@type\":\"WebPage\",\"@id\":\"https:\\\/\\\/www.staffsocial.fr\\\/contenu\\\/infirmier-coordinateur-en-ehpad-ce-qui-change\\\/\",\"url\":\"https:\\\/\\\/www.staffsocial.fr\\\/contenu\\\/infirmier-coordinateur-en-ehpad-ce-qui-change\\\/\",\"name\":\"Infirmier coordinateur en Ehpad : ce qui change | Staffsocial\",\"isPartOf\":{\"@id\":\"https:\\\/\\\/www.staffsocial.fr\\\/contenu\\\/#website\"},\"primaryImageOfPage\":{\"@id\":\"https:\\\/\\\/www.staffsocial.fr\\\/contenu\\\/infirmier-coordinateur-en-ehpad-ce-qui-change\\\/#primaryimage\"},\"image\":{\"@id\":\"https:\\\/\\\/www.staffsocial.fr\\\/contenu\\\/infirmier-coordinateur-en-ehpad-ce-qui-change\\\/#primaryimage\"},\"thumbnailUrl\":\"https:\\\/\\\/content.staffsocial.fr\\\/wp-content\\\/uploads\\\/2025\\\/09\\\/Image-mise-en-avant-15.png\",\"datePublished\":\"2025-09-25T08:35:15+00:00\",\"dateModified\":\"2025-10-08T11:54:07+00:00\",\"description\":\"Nouvelle \u00e9tape pour les IDEC ! Un d\u00e9cret paru dans le Journal Officiel du 6 septembre officialise leurs missions et revoit celles des missions coordonnateurs. Infirmier coordinateur en Ehpad : un d\u00e9cret reconna\u00eet son r\u00f4le et ses missions.\",\"breadcrumb\":{\"@id\":\"https:\\\/\\\/www.staffsocial.fr\\\/contenu\\\/infirmier-coordinateur-en-ehpad-ce-qui-change\\\/#breadcrumb\"},\"inLanguage\":\"fr-FR\",\"potentialAction\":[{\"@type\":\"ReadAction\",\"target\":[\"https:\\\/\\\/www.staffsocial.fr\\\/contenu\\\/infirmier-coordinateur-en-ehpad-ce-qui-change\\\/\"]}]},{\"@type\":\"ImageObject\",\"inLanguage\":\"fr-FR\",\"@id\":\"https:\\\/\\\/www.staffsocial.fr\\\/contenu\\\/infirmier-coordinateur-en-ehpad-ce-qui-change\\\/#primaryimage\",\"url\":\"https:\\\/\\\/content.staffsocial.fr\\\/wp-content\\\/uploads\\\/2025\\\/09\\\/Image-mise-en-avant-15.png\",\"contentUrl\":\"https:\\\/\\\/content.staffsocial.fr\\\/wp-content\\\/uploads\\\/2025\\\/09\\\/Image-mise-en-avant-15.png\",\"width\":2000,\"height\":500,\"caption\":\"infirmier coordinateur\"},{\"@type\":\"BreadcrumbList\",\"@id\":\"https:\\\/\\\/www.staffsocial.fr\\\/contenu\\\/infirmier-coordinateur-en-ehpad-ce-qui-change\\\/#breadcrumb\",\"itemListElement\":[{\"@type\":\"ListItem\",\"position\":1,\"name\":\"Home\",\"item\":\"https:\\\/\\\/www.staffsocial.fr\\\/contenu\\\/\"},{\"@type\":\"ListItem\",\"position\":2,\"name\":\"Infirmier coordinateur en Ehpad : ce qui change\"}]},{\"@type\":\"WebSite\",\"@id\":\"https:\\\/\\\/www.staffsocial.fr\\\/contenu\\\/#website\",\"url\":\"https:\\\/\\\/www.staffsocial.fr\\\/contenu\\\/\",\"name\":\"Staffsocial\",\"description\":\"Offres d&#039;emploi et actualit\u00e9s des professionnels de sant\u00e9\",\"publisher\":{\"@id\":\"https:\\\/\\\/www.staffsocial.fr\\\/contenu\\\/#organization\"},\"potentialAction\":[{\"@type\":\"SearchAction\",\"target\":{\"@type\":\"EntryPoint\",\"urlTemplate\":\"https:\\\/\\\/www.staffsocial.fr\\\/contenu\\\/?s={search_term_string}\"},\"query-input\":{\"@type\":\"PropertyValueSpecification\",\"valueRequired\":true,\"valueName\":\"search_term_string\"}}],\"inLanguage\":\"fr-FR\"},{\"@type\":\"Organization\",\"@id\":\"https:\\\/\\\/www.staffsocial.fr\\\/contenu\\\/#organization\",\"name\":\"Staffsocial\",\"url\":\"https:\\\/\\\/www.staffsocial.fr\\\/contenu\\\/\",\"logo\":{\"@type\":\"ImageObject\",\"inLanguage\":\"fr-FR\",\"@id\":\"https:\\\/\\\/www.staffsocial.fr\\\/contenu\\\/#\\\/schema\\\/logo\\\/image\\\/\",\"url\":\"https:\\\/\\\/content.staffsocial.fr\\\/wp-content\\\/uploads\\\/2019\\\/11\\\/logo-staffsocial_RGB_fond_blanc.jpg\",\"contentUrl\":\"https:\\\/\\\/content.staffsocial.fr\\\/wp-content\\\/uploads\\\/2019\\\/11\\\/logo-staffsocial_RGB_fond_blanc.jpg\",\"width\":2225,\"height\":592,\"caption\":\"Staffsocial\"},\"image\":{\"@id\":\"https:\\\/\\\/www.staffsocial.fr\\\/contenu\\\/#\\\/schema\\\/logo\\\/image\\\/\"}},{\"@type\":\"Person\",\"@id\":\"https:\\\/\\\/www.staffsocial.fr\\\/contenu\\\/#\\\/schema\\\/person\\\/4088b17fbb089dddcc7a7cffeea82499\",\"name\":\"Cl\u00e9ment Wasselin\",\"image\":{\"@type\":\"ImageObject\",\"inLanguage\":\"fr-FR\",\"@id\":\"https:\\\/\\\/secure.gravatar.com\\\/avatar\\\/519c2bb318af16abc2306be78ea406d741de81953d506b5def07362b351f5020?s=96&d=mm&r=g\",\"url\":\"https:\\\/\\\/secure.gravatar.com\\\/avatar\\\/519c2bb318af16abc2306be78ea406d741de81953d506b5def07362b351f5020?s=96&d=mm&r=g\",\"contentUrl\":\"https:\\\/\\\/secure.gravatar.com\\\/avatar\\\/519c2bb318af16abc2306be78ea406d741de81953d506b5def07362b351f5020?s=96&d=mm&r=g\",\"caption\":\"Cl\u00e9ment Wasselin\"},\"url\":\"https:\\\/\\\/www.staffsocial.fr\\\/contenu\\\/author\\\/admin_social_content\\\/\"}]}<\/script>\n<!-- \/ Yoast SEO plugin. -->","yoast_head_json":{"title":"Infirmier coordinateur en Ehpad : ce qui change | Staffsocial","description":"Nouvelle \u00e9tape pour les IDEC ! Un d\u00e9cret paru dans le Journal Officiel du 6 septembre officialise leurs missions et revoit celles des missions coordonnateurs. Infirmier coordinateur en Ehpad : un d\u00e9cret reconna\u00eet son r\u00f4le et ses missions.","robots":{"index":"index","follow":"follow","max-snippet":"max-snippet:-1","max-image-preview":"max-image-preview:large","max-video-preview":"max-video-preview:-1"},"canonical":"https:\/\/www.staffsocial.fr\/contenu\/infirmier-coordinateur-en-ehpad-ce-qui-change\/","og_locale":"fr_FR","og_type":"article","og_title":"Infirmier coordinateur en Ehpad : ce qui change | Staffsocial","og_description":"Nouvelle \u00e9tape pour les IDEC ! Un d\u00e9cret paru dans le Journal Officiel du 6 septembre officialise leurs missions et revoit celles des missions coordonnateurs. Infirmier coordinateur en Ehpad : un d\u00e9cret reconna\u00eet son r\u00f4le et ses missions.","og_url":"https:\/\/www.staffsocial.fr\/contenu\/infirmier-coordinateur-en-ehpad-ce-qui-change\/","og_site_name":"Staffsocial","article_published_time":"2025-09-25T08:35:15+00:00","article_modified_time":"2025-10-08T11:54:07+00:00","og_image":[{"width":2000,"height":500,"url":"https:\/\/content.staffsocial.fr\/wp-content\/uploads\/2025\/09\/Image-mise-en-avant-15.png","type":"image\/png"}],"author":"Cl\u00e9ment Wasselin","twitter_card":"summary_large_image","twitter_misc":{"\u00c9crit par":"Cl\u00e9ment Wasselin","Dur\u00e9e de lecture estim\u00e9e":"2 minutes"},"schema":{"@context":"https:\/\/schema.org","@graph":[{"@type":"Article","@id":"https:\/\/www.staffsocial.fr\/contenu\/infirmier-coordinateur-en-ehpad-ce-qui-change\/#article","isPartOf":{"@id":"https:\/\/www.staffsocial.fr\/contenu\/infirmier-coordinateur-en-ehpad-ce-qui-change\/"},"author":{"name":"Cl\u00e9ment Wasselin","@id":"https:\/\/www.staffsocial.fr\/contenu\/#\/schema\/person\/4088b17fbb089dddcc7a7cffeea82499"},"headline":"Infirmier coordinateur en Ehpad : ce qui change","datePublished":"2025-09-25T08:35:15+00:00","dateModified":"2025-10-08T11:54:07+00:00","mainEntityOfPage":{"@id":"https:\/\/www.staffsocial.fr\/contenu\/infirmier-coordinateur-en-ehpad-ce-qui-change\/"},"wordCount":318,"publisher":{"@id":"https:\/\/www.staffsocial.fr\/contenu\/#organization"},"image":{"@id":"https:\/\/www.staffsocial.fr\/contenu\/infirmier-coordinateur-en-ehpad-ce-qui-change\/#primaryimage"},"thumbnailUrl":"https:\/\/content.staffsocial.fr\/wp-content\/uploads\/2025\/09\/Image-mise-en-avant-15.png","articleSection":["Actualit\u00e9s","G\u00e9rer sa carri\u00e8re"],"inLanguage":"fr-FR"},{"@type":"WebPage","@id":"https:\/\/www.staffsocial.fr\/contenu\/infirmier-coordinateur-en-ehpad-ce-qui-change\/","url":"https:\/\/www.staffsocial.fr\/contenu\/infirmier-coordinateur-en-ehpad-ce-qui-change\/","name":"Infirmier coordinateur en Ehpad : ce qui change | Staffsocial","isPartOf":{"@id":"https:\/\/www.staffsocial.fr\/contenu\/#website"},"primaryImageOfPage":{"@id":"https:\/\/www.staffsocial.fr\/contenu\/infirmier-coordinateur-en-ehpad-ce-qui-change\/#primaryimage"},"image":{"@id":"https:\/\/www.staffsocial.fr\/contenu\/infirmier-coordinateur-en-ehpad-ce-qui-change\/#primaryimage"},"thumbnailUrl":"https:\/\/content.staffsocial.fr\/wp-content\/uploads\/2025\/09\/Image-mise-en-avant-15.png","datePublished":"2025-09-25T08:35:15+00:00","dateModified":"2025-10-08T11:54:07+00:00","description":"Nouvelle \u00e9tape pour les IDEC ! Un d\u00e9cret paru dans le Journal Officiel du 6 septembre officialise leurs missions et revoit celles des missions coordonnateurs. Infirmier coordinateur en Ehpad : un d\u00e9cret reconna\u00eet son r\u00f4le et ses missions.","breadcrumb":{"@id":"https:\/\/www.staffsocial.fr\/contenu\/infirmier-coordinateur-en-ehpad-ce-qui-change\/#breadcrumb"},"inLanguage":"fr-FR","potentialAction":[{"@type":"ReadAction","target":["https:\/\/www.staffsocial.fr\/contenu\/infirmier-coordinateur-en-ehpad-ce-qui-change\/"]}]},{"@type":"ImageObject","inLanguage":"fr-FR","@id":"https:\/\/www.staffsocial.fr\/contenu\/infirmier-coordinateur-en-ehpad-ce-qui-change\/#primaryimage","url":"https:\/\/content.staffsocial.fr\/wp-content\/uploads\/2025\/09\/Image-mise-en-avant-15.png","contentUrl":"https:\/\/content.staffsocial.fr\/wp-content\/uploads\/2025\/09\/Image-mise-en-avant-15.png","width":2000,"height":500,"caption":"infirmier coordinateur"},{"@type":"BreadcrumbList","@id":"https:\/\/www.staffsocial.fr\/contenu\/infirmier-coordinateur-en-ehpad-ce-qui-change\/#breadcrumb","itemListElement":[{"@type":"ListItem","position":1,"name":"Home","item":"https:\/\/www.staffsocial.fr\/contenu\/"},{"@type":"ListItem","position":2,"name":"Infirmier coordinateur en Ehpad : ce qui change"}]},{"@type":"WebSite","@id":"https:\/\/www.staffsocial.fr\/contenu\/#website","url":"https:\/\/www.staffsocial.fr\/contenu\/","name":"Staffsocial","description":"Offres d&#039;emploi et actualit\u00e9s des professionnels de sant\u00e9","publisher":{"@id":"https:\/\/www.staffsocial.fr\/contenu\/#organization"},"potentialAction":[{"@type":"SearchAction","target":{"@type":"EntryPoint","urlTemplate":"https:\/\/www.staffsocial.fr\/contenu\/?s={search_term_string}"},"query-input":{"@type":"PropertyValueSpecification","valueRequired":true,"valueName":"search_term_string"}}],"inLanguage":"fr-FR"},{"@type":"Organization","@id":"https:\/\/www.staffsocial.fr\/contenu\/#organization","name":"Staffsocial","url":"https:\/\/www.staffsocial.fr\/contenu\/","logo":{"@type":"ImageObject","inLanguage":"fr-FR","@id":"https:\/\/www.staffsocial.fr\/contenu\/#\/schema\/logo\/image\/","url":"https:\/\/content.staffsocial.fr\/wp-content\/uploads\/2019\/11\/logo-staffsocial_RGB_fond_blanc.jpg","contentUrl":"https:\/\/content.staffsocial.fr\/wp-content\/uploads\/2019\/11\/logo-staffsocial_RGB_fond_blanc.jpg","width":2225,"height":592,"caption":"Staffsocial"},"image":{"@id":"https:\/\/www.staffsocial.fr\/contenu\/#\/schema\/logo\/image\/"}},{"@type":"Person","@id":"https:\/\/www.staffsocial.fr\/contenu\/#\/schema\/person\/4088b17fbb089dddcc7a7cffeea82499","name":"Cl\u00e9ment Wasselin","image":{"@type":"ImageObject","inLanguage":"fr-FR","@id":"https:\/\/secure.gravatar.com\/avatar\/519c2bb318af16abc2306be78ea406d741de81953d506b5def07362b351f5020?s=96&d=mm&r=g","url":"https:\/\/secure.gravatar.com\/avatar\/519c2bb318af16abc2306be78ea406d741de81953d506b5def07362b351f5020?s=96&d=mm&r=g","contentUrl":"https:\/\/secure.gravatar.com\/avatar\/519c2bb318af16abc2306be78ea406d741de81953d506b5def07362b351f5020?s=96&d=mm&r=g","caption":"Cl\u00e9ment Wasselin"},"url":"https:\/\/www.staffsocial.fr\/contenu\/author\/admin_social_content\/"}]}},"_links":{"self":[{"href":"https:\/\/www.staffsocial.fr\/contenu\/wp-json\/wp\/v2\/posts\/6795","targetHints":{"allow":["GET"]}}],"collection":[{"href":"https:\/\/www.staffsocial.fr\/contenu\/wp-json\/wp\/v2\/posts"}],"about":[{"href":"https:\/\/www.staffsocial.fr\/contenu\/wp-json\/wp\/v2\/types\/post"}],"author":[{"embeddable":true,"href":"https:\/\/www.staffsocial.fr\/contenu\/wp-json\/wp\/v2\/users\/1"}],"replies":[{"embeddable":true,"href":"https:\/\/www.staffsocial.fr\/contenu\/wp-json\/wp\/v2\/comments?post=6795"}],"version-history":[{"count":4,"href":"https:\/\/www.staffsocial.fr\/contenu\/wp-json\/wp\/v2\/posts\/6795\/revisions"}],"predecessor-version":[{"id":6828,"href":"https:\/\/www.staffsocial.fr\/contenu\/wp-json\/wp\/v2\/posts\/6795\/revisions\/6828"}],"wp:featuredmedia":[{"embeddable":true,"href":"https:\/\/www.staffsocial.fr\/contenu\/wp-json\/wp\/v2\/media\/6799"}],"wp:attachment":[{"href":"https:\/\/www.staffsocial.fr\/contenu\/wp-json\/wp\/v2\/media?parent=6795"}],"wp:term":[{"taxonomy":"category","embeddable":true,"href":"https:\/\/www.staffsocial.fr\/contenu\/wp-json\/wp\/v2\/categories?post=6795"},{"taxonomy":"post_tag","embeddable":true,"href":"https:\/\/www.staffsocial.fr\/contenu\/wp-json\/wp\/v2\/tags?post=6795"}],"curies":[{"name":"wp","href":"https:\/\/api.w.org\/{rel}","templated":true}]}}