{"id":6302,"date":"2025-06-25T08:37:35","date_gmt":"2025-06-25T08:37:35","guid":{"rendered":"https:\/\/www.staffsocial.fr\/contenu\/?p=6302"},"modified":"2025-06-26T12:27:07","modified_gmt":"2025-06-26T12:27:07","slug":"quelles-reconversions-professionnelles-pour-les-aides-soignants","status":"publish","type":"post","link":"https:\/\/www.staffsocial.fr\/contenu\/quelles-reconversions-professionnelles-pour-les-aides-soignants\/","title":{"rendered":"Aide-soignant : 5 id\u00e9es de reconversions et passerelles possibles"},"content":{"rendered":"<p><strong>Tu es aide-soignant et tu aimerais te reconvertir ? Que ce soit dans le domaine du soin ou du social, les possibilit\u00e9s sont nombreuses. On te pr\u00e9sente 5 m\u00e9tiers possibles, dont certains sont accessibles avec passerelle gr\u00e2ce \u00e0 ton dipl\u00f4me.\u00a0<\/strong><\/p>\n<h2><strong>Infirmier<\/strong><\/h2>\n<p class=\"p1\">C\u2019est la passerelle la plus connue pour les aides-soignants !<span class=\"Apple-converted-space\">\u00a0 <\/span>Plus technique et avec plus de responsabilit\u00e9, le m\u00e9tier d\u2019infirmier attire et appara\u00eet souvent comme une \u00e9volution \u00ab\u00a0logique\u00a0\u00bb.<\/p>\n<p class=\"p1\">Depuis juillet 2023, <strong>les aides-soignants peuvent acc\u00e9der \u00e0 une <a href=\"https:\/\/sante.gouv.fr\/metiers-et-concours\/les-metiers-de-la-sante\/les-formations-aux-metiers-de-la-sante\/article\/la-formation-en-soins-infirmiers-pour-les-aides-soignants\" target=\"_blank\" rel=\"noopener\">formation en 2 ans<\/a> pour devenir infirmier ou infirmi\u00e8re<\/strong>, dans le cadre d\u2019un parcours en formation continue.<\/p>\n<p style=\"text-align: center;\"><img loading=\"lazy\" decoding=\"async\" class=\"wp-image-6709 aligncenter\" src=\"https:\/\/content.staffsocial.fr\/wp-content\/uploads\/2025\/06\/elderly-patient-hospital.jpg\" alt=\"aide-soignant infirmier\" width=\"398\" height=\"266\" srcset=\"https:\/\/content.staffsocial.fr\/wp-content\/uploads\/2025\/06\/elderly-patient-hospital.jpg 1200w, https:\/\/content.staffsocial.fr\/wp-content\/uploads\/2025\/06\/elderly-patient-hospital-300x200.jpg 300w, https:\/\/content.staffsocial.fr\/wp-content\/uploads\/2025\/06\/elderly-patient-hospital-1024x684.jpg 1024w, https:\/\/content.staffsocial.fr\/wp-content\/uploads\/2025\/06\/elderly-patient-hospital-350x234.jpg 350w, https:\/\/content.staffsocial.fr\/wp-content\/uploads\/2025\/06\/elderly-patient-hospital-768x513.jpg 768w\" sizes=\"auto, (max-width: 398px) 100vw, 398px\" \/><\/p>\n<p>Pour b\u00e9n\u00e9ficier de cette passerelle, tu dois :<\/p>\n<ul>\n<li><strong>justifier d\u2019une exp\u00e9rience professionnelle d\u2019aide-soignant d\u2019au moins trois ans<\/strong> \u00e0 temps plein sur les 5 derni\u00e8res ann\u00e9es ;<\/li>\n<li><strong>avoir une attestation de formation aux gestions et soins d\u2019urgence (AFGSU) niveau 2<\/strong> en cours de validit\u00e9 ;<\/li>\n<li><strong>passer le concours infirmier<\/strong> et suivre une formation acc\u00e9l\u00e9r\u00e9e de 3 mois ;<\/li>\n<li><strong>b\u00e9n\u00e9ficier du soutien<\/strong> de ton employeur<\/li>\n<\/ul>\n<p><em>Tu n&rsquo;as pas encore 3 ans d\u2019exp\u00e9rience en tant qu\u2019aide-soignant et tu souhaites devenir infirmier ? Pas de soucis, tu peux quand m\u00eame acc\u00e9der \u00e0 la formation initiale, en 3 ans.<\/em><\/p>\n<p style=\"text-align: center;\"><a class=\"button\" href=\"https:\/\/www.staffsocial.fr\/recherche?utf8=%E2%9C%93&amp;job_search%5Bque%5D=infirmier&amp;job_search%5Bdonde%5D=&amp;button=\" target=\"_blank\" rel=\"noopener noreferrer\">Consulter les offres d&rsquo;infirmiers<\/a><\/p>\n<h2 class=\"p1\"><b>Auxiliaire de pu\u00e9riculture <\/b><\/h2>\n<p align=\"center\"><img loading=\"lazy\" decoding=\"async\" class=\"wp-image-6603\" src=\"https:\/\/content.staffsocial.fr\/wp-content\/uploads\/2025\/06\/mother-baby-daughter-giving-high-fives-1.jpg\" alt=\"handicap structures enfant\" width=\"447\" height=\"298\" align=\"center\" \/><\/p>\n<p class=\"p1\">\u00a0L\u2019<a href=\"https:\/\/www.staffsocial.fr\/contenu\/fiche-metier-auxiliaire-de-puericulture\/\" target=\"_blank\" rel=\"noopener\">auxiliaire de pu\u00e9riculture<\/a> accompagne les nourrissons et les jeunes enfants dans leur d\u00e9veloppement et veille \u00e0 leur bien-\u00eatre. Il ou elle peut exercer dans des \u00e9tablissements d\u2019accueil de jeunes enfants, \u00e0 l\u2019h\u00f4pital, en maternit\u00e9, en PMI ou encore en structure d\u2019Aide Sociale \u00e0 l\u2019Enfance.<\/p>\n<p class=\"p1\">Gr\u00e2ce \u00e0 ton dipl\u00f4me d\u2019aide-soignant, <strong>tu peux int\u00e9grer la formation d\u2019auxiliaire de pu\u00e9riculture en adressant un CV et une lettre de motivation \u00e0 l\u2019institut de formation.<\/strong> La s\u00e9lection se fait ensuite sur entretien.<\/p>\n<p class=\"p1\">Il te reste alors <strong>deux modules \u00e0 valider<\/strong> pour obtenir le dipl\u00f4me (accompagnement d\u2019un enfant dans les activit\u00e9s d\u2019\u00e9veil et de la vie quotidienne et les soins \u00e0 l\u2019enfant), puis <strong>effectuer deux stages de 6 semaines<\/strong>. Le premier devra \u00eatre r\u00e9alis\u00e9 dans une structure d\u2019accueil d\u2019enfants de moins de 6 ans et le deuxi\u00e8me dans un \u00e9tablissement sanitaire, m\u00e9dico-social ou social. Par exemple, aupr\u00e8s d\u2019enfants malades ou en situation de handicap, en maternit\u00e9 ou dans une structure d\u2019aide sociale \u00e0 l\u2019enfance.<\/p>\n<p style=\"text-align: center;\"><a class=\"button\" href=\"https:\/\/www.staffsocial.fr\/recherche?utf8=%E2%9C%93&amp;job_search%5Bque%5D=auxiliaire+de+pu%C3%A9riculture&amp;job_search%5Bdonde%5D=&amp;button=\" rel=\"noopener noreferrer\">Consulter les offres d&rsquo;auxiliaire de pu\u00e9riculture<\/a><\/p>\n<h2 class=\"p1\"><b>Accompagnant \u00e9ducatif et social<\/b><\/h2>\n<p align=\"right\"><img loading=\"lazy\" decoding=\"async\" class=\"wp-image-6603\" src=\"https:\/\/content.staffsocial.fr\/wp-content\/uploads\/2025\/06\/kid-doing-occupational-therapy-session-with-psychologist.jpg\" alt=\"handicap structures enfant\" width=\"233\" height=\"350\" align=\"right\" \/><\/p>\n<p class=\"p1\">L\u2019<a href=\"https:\/\/www.staffsocial.fr\/contenu\/portrait-accompagnant-educatif-social-julien\/\" target=\"_blank\" rel=\"noopener\">accompagnant \u00e9ducatif et social<\/a> intervient \u00e0 domicile ou en structure, aupr\u00e8s de personnes fragilis\u00e9es, \u00e2g\u00e9es ou en situation de handicap. <strong>Il les accompagne dans leur autonomie et les aide dans les actes de la vie courante<\/strong>, pour les repas, les d\u00e9placements ou encore les soins d\u2019hygi\u00e8ne. Il est aussi et surtout un <strong>v\u00e9ritable soutien moral<\/strong> et permet \u00e0 la personne accompagn\u00e9e de sortir de son isolement.<\/p>\n<p>Le m\u00e9tier d&rsquo;AES, et plus g\u00e9n\u00e9ralement les m\u00e9tiers du social, peuvent \u00eatre une bonne passerelle \u00e0 envisager pour les soignants qui aimeraient <strong>accentuer l&rsquo;accompagnement moral et \u00e9ducatif<\/strong> dans leur pratique. L&rsquo;AES peut \u00e9galement exercer dans des structures sociales, telles que les foyers de vie, IME, FAM, MECS, centre d&rsquo;h\u00e9bergement&#8230;<\/p>\n<p>Pour exercer ce m\u00e9tier, tu dois suivre une formation de 10 mois et obtenir le <strong>Dipl\u00f4me d&rsquo;\u00c9tat d&rsquo;accompagnant \u00e9ducatif et social (DEAES).<\/strong><\/p>\n<p style=\"text-align: center;\"><a class=\"button\" href=\"https:\/\/www.staffsocial.fr\/recherche?utf8=%E2%9C%93&amp;quoi=accompagnant+%C3%A9ducatif+et+social&amp;ou=&amp;job_search%5Bsorted_by%5D=relevance&amp;job_search%5Bper_page%5D=30&amp;job_search%5Bpage%5D=&amp;metiers%5B%5D=271\" rel=\"noopener noreferrer\">Consulter les offres d&rsquo;AES<\/a><\/p>\n<h2><strong>Secr\u00e9taire m\u00e9dical(e)<\/strong><\/h2>\n<p class=\"p1\">La secr\u00e9taire m\u00e9dicale est souvent le premier contact avec les patients. <strong>Elle g\u00e8re la prise de rendez-vous, l\u2019accueil mais aussi les appels et les comptes-rendus des consultations<\/strong>.<span class=\"Apple-converted-space\">\u00a0 <\/span>Les secr\u00e9taires m\u00e9dicales peuvent exercer en cabinet lib\u00e9ral mais aussi dans des structures sanitaires. S\u2019il s\u2019\u00e9loigne du monde direct du soin, ce m\u00e9tier demande une <strong>grande capacit\u00e9 d\u2019\u00e9coute, de patience et surtout d\u2019organisation<\/strong>.<\/p>\n<p class=\"p1\">Cette passerelle est souvent envisag\u00e9e par les aides-soignants qui ne supportent plus l\u2019environnement stressant de l\u2019h\u00f4pital, les responsabilit\u00e9s li\u00e9s au soins ou qui recherchent des <strong>horaires plus conventionnelles<\/strong>.<\/p>\n<p class=\"p1\">Pour devenir secr\u00e9taire m\u00e9dicale, tu peux suivre une <a href=\"https:\/\/www.cned.fr\/qualifications-professionnelles\/secretaire-medicale-et-medico-sociale-s2ms\" target=\"_blank\" rel=\"noopener\">formation dispens\u00e9e par le Cned<\/a> (Centre national de formation \u00e0 distance) ou par des \u00e9tablissements priv\u00e9s.<\/p>\n<p style=\"text-align: center;\"><img loading=\"lazy\" decoding=\"async\" class=\"wp-image-6713 aligncenter\" src=\"https:\/\/content.staffsocial.fr\/wp-content\/uploads\/2025\/06\/photo-with-depth-field-highlighted-focus-phonendoscope-young-woman-white-robe-sitting-table-fills-out-document.jpg\" alt=\"aide soignant en secretaire medicale\" width=\"433\" height=\"289\" srcset=\"https:\/\/content.staffsocial.fr\/wp-content\/uploads\/2025\/06\/photo-with-depth-field-highlighted-focus-phonendoscope-young-woman-white-robe-sitting-table-fills-out-document.jpg 1200w, https:\/\/content.staffsocial.fr\/wp-content\/uploads\/2025\/06\/photo-with-depth-field-highlighted-focus-phonendoscope-young-woman-white-robe-sitting-table-fills-out-document-300x200.jpg 300w, https:\/\/content.staffsocial.fr\/wp-content\/uploads\/2025\/06\/photo-with-depth-field-highlighted-focus-phonendoscope-young-woman-white-robe-sitting-table-fills-out-document-1024x683.jpg 1024w, https:\/\/content.staffsocial.fr\/wp-content\/uploads\/2025\/06\/photo-with-depth-field-highlighted-focus-phonendoscope-young-woman-white-robe-sitting-table-fills-out-document-350x233.jpg 350w, https:\/\/content.staffsocial.fr\/wp-content\/uploads\/2025\/06\/photo-with-depth-field-highlighted-focus-phonendoscope-young-woman-white-robe-sitting-table-fills-out-document-768x512.jpg 768w\" sizes=\"auto, (max-width: 433px) 100vw, 433px\" \/><\/p>\n<p style=\"text-align: center;\"><a class=\"button\" href=\"https:\/\/www.staffsocial.fr\/recherche?utf8=%E2%9C%93&amp;job_search%5Bque%5D=secr%C3%A9taire+m%C3%A9dicale&amp;job_search%5Bdonde%5D=&amp;button= \">Consulter les offres de secr\u00e9taire m\u00e9dicale<\/a><\/p>\n<h2><strong>Animateur<\/strong><\/h2>\n<p>L&rsquo;<a href=\"https:\/\/www.staffsocial.fr\/contenu\/portrait-adrien-animateur-en-ehpad\/\" target=\"_blank\" rel=\"noopener\">animateur<\/a> con\u00e7oit et met en<strong>\u00a0place des projets d\u2019animation dans le domaine culturel ou \u00e9ducatif<\/strong> en prenant en compte l\u2019environnement des personnes. Il peut exercer au sein <strong>d\u2019\u00e9tablissements de soin, de collectivit\u00e9s territoriales, d\u2019associations, de foyers, d\u2019EHPAD, etc.<\/strong><\/p>\n<p>Les aides-soignants qui se tournent vers l&rsquo;animation cherchent \u00e0 sortir du soin physique pour s&rsquo;occuper du bien-\u00eatre des personnes accompagn\u00e9es. \u00catre animateur demande une grande dose de cr\u00e9ativit\u00e9, d&rsquo;\u00e9coute et de dynamisme.<\/p>\n<p style=\"text-align: center;\"><a class=\"button\" href=\"https:\/\/www.staffsocial.fr\/recherche?utf8=%E2%9C%93&amp;job_search%5Bque%5D=animateur&amp;job_search%5Bdonde%5D=&amp;button=\">Consulter les offres d&rsquo;animateur<\/a><\/p>\n<p style=\"text-align: center;\"><img loading=\"lazy\" decoding=\"async\" class=\"wp-image-6716 aligncenter\" src=\"https:\/\/content.staffsocial.fr\/wp-content\/uploads\/2025\/06\/cinematic-scene-depicting-support-kindness-amongst-communities-people.jpg\" alt=\"aide soignant animateur\" width=\"390\" height=\"260\" srcset=\"https:\/\/content.staffsocial.fr\/wp-content\/uploads\/2025\/06\/cinematic-scene-depicting-support-kindness-amongst-communities-people.jpg 1200w, https:\/\/content.staffsocial.fr\/wp-content\/uploads\/2025\/06\/cinematic-scene-depicting-support-kindness-amongst-communities-people-300x200.jpg 300w, https:\/\/content.staffsocial.fr\/wp-content\/uploads\/2025\/06\/cinematic-scene-depicting-support-kindness-amongst-communities-people-1024x683.jpg 1024w, https:\/\/content.staffsocial.fr\/wp-content\/uploads\/2025\/06\/cinematic-scene-depicting-support-kindness-amongst-communities-people-350x233.jpg 350w, https:\/\/content.staffsocial.fr\/wp-content\/uploads\/2025\/06\/cinematic-scene-depicting-support-kindness-amongst-communities-people-768x512.jpg 768w\" sizes=\"auto, (max-width: 390px) 100vw, 390px\" \/><\/p>\n<p>&nbsp;<\/p>\n<p><strong>Pour d\u00e9couvrir et s\u2019inspirer de t\u00e9moignages de soignants, c\u2019est par ici : <a href=\"https:\/\/www.staffsocial.fr\/contenu\/category\/metiers-en-social\/\">https:\/\/www.staffsocial.fr\/contenu\/category\/metiers-en-social\/<\/a>.\u00a0<\/strong><\/p>\n","protected":false},"excerpt":{"rendered":"<p>Tu es aide-soignant et tu aimerais te reconvertir ? Que ce soit dans le domaine du soin ou du social, les possibilit\u00e9s sont nombreuses. On te pr\u00e9sente 5 m\u00e9tiers possibles, dont certains sont accessibles avec passerelle gr\u00e2ce \u00e0 ton dipl\u00f4me.\u00a0 Infirmier C\u2019est la passerelle la plus connue pour les aides-soignants !\u00a0 Plus technique et avec [&hellip;]<\/p>\n","protected":false},"author":1,"featured_media":6703,"comment_status":"closed","ping_status":"closed","sticky":false,"template":"","format":"standard","meta":{"_acf_changed":false,"footnotes":""},"categories":[2,281],"tags":[38,111,66,161],"class_list":["post-6302","post","type-post","status-publish","format-standard","has-post-thumbnail","hentry","category-actualites","category-conseils","tag-aide-soignant","tag-evolution-de-carriere","tag-evolution-professionnelle","tag-reconversion"],"acf":[],"yoast_head":"<!-- This site is optimized with the Yoast SEO plugin v27.3 - https:\/\/yoast.com\/product\/yoast-seo-wordpress\/ -->\n<title>Aide-soignant : 5 id\u00e9es de reconversions et passerelles possibles | Staffsocial<\/title>\n<meta name=\"description\" content=\"Le m\u00e9tier d\u2019aide-soignant pr\u00e9sente plusieurs possibilit\u00e9s de reconversion pour faire \u00e9voluer sa carri\u00e8re. Dans sa cartographie annuelle r\u00e9alis\u00e9e aupr\u00e8s de 868 541 agents, l\u2019ANFH a regroup\u00e9 les principaux m\u00e9tiers exerc\u00e9s apr\u00e8s reclassement.\" \/>\n<meta name=\"robots\" content=\"index, follow, max-snippet:-1, max-image-preview:large, max-video-preview:-1\" \/>\n<link rel=\"canonical\" href=\"https:\/\/www.staffsocial.fr\/contenu\/quelles-reconversions-professionnelles-pour-les-aides-soignants\/\" \/>\n<meta property=\"og:locale\" content=\"fr_FR\" \/>\n<meta property=\"og:type\" content=\"article\" \/>\n<meta property=\"og:title\" content=\"Aide-soignant : 5 id\u00e9es de reconversions et passerelles possibles | Staffsocial\" \/>\n<meta property=\"og:description\" content=\"Le m\u00e9tier d\u2019aide-soignant pr\u00e9sente plusieurs possibilit\u00e9s de reconversion pour faire \u00e9voluer sa carri\u00e8re. Dans sa cartographie annuelle r\u00e9alis\u00e9e aupr\u00e8s de 868 541 agents, l\u2019ANFH a regroup\u00e9 les principaux m\u00e9tiers exerc\u00e9s apr\u00e8s reclassement.\" \/>\n<meta property=\"og:url\" content=\"https:\/\/www.staffsocial.fr\/contenu\/quelles-reconversions-professionnelles-pour-les-aides-soignants\/\" \/>\n<meta property=\"og:site_name\" content=\"Staffsocial\" \/>\n<meta property=\"article:published_time\" content=\"2025-06-25T08:37:35+00:00\" \/>\n<meta property=\"article:modified_time\" content=\"2025-06-26T12:27:07+00:00\" \/>\n<meta property=\"og:image\" content=\"https:\/\/content.staffsocial.fr\/wp-content\/uploads\/2023\/07\/image-facebook-social.png\" \/>\n\t<meta property=\"og:image:width\" content=\"1200\" \/>\n\t<meta property=\"og:image:height\" content=\"630\" \/>\n\t<meta property=\"og:image:type\" content=\"image\/png\" \/>\n<meta name=\"author\" content=\"Cl\u00e9ment Wasselin\" \/>\n<meta name=\"twitter:card\" content=\"summary_large_image\" \/>\n<meta name=\"twitter:label1\" content=\"\u00c9crit par\" \/>\n\t<meta name=\"twitter:data1\" content=\"Cl\u00e9ment Wasselin\" \/>\n\t<meta name=\"twitter:label2\" content=\"Dur\u00e9e de lecture estim\u00e9e\" \/>\n\t<meta name=\"twitter:data2\" content=\"5 minutes\" \/>\n<script type=\"application\/ld+json\" class=\"yoast-schema-graph\">{\"@context\":\"https:\\\/\\\/schema.org\",\"@graph\":[{\"@type\":\"Article\",\"@id\":\"https:\\\/\\\/www.staffsocial.fr\\\/contenu\\\/quelles-reconversions-professionnelles-pour-les-aides-soignants\\\/#article\",\"isPartOf\":{\"@id\":\"https:\\\/\\\/www.staffsocial.fr\\\/contenu\\\/quelles-reconversions-professionnelles-pour-les-aides-soignants\\\/\"},\"author\":{\"name\":\"Cl\u00e9ment Wasselin\",\"@id\":\"https:\\\/\\\/www.staffsocial.fr\\\/contenu\\\/#\\\/schema\\\/person\\\/4088b17fbb089dddcc7a7cffeea82499\"},\"headline\":\"Aide-soignant : 5 id\u00e9es de reconversions et passerelles possibles\",\"datePublished\":\"2025-06-25T08:37:35+00:00\",\"dateModified\":\"2025-06-26T12:27:07+00:00\",\"mainEntityOfPage\":{\"@id\":\"https:\\\/\\\/www.staffsocial.fr\\\/contenu\\\/quelles-reconversions-professionnelles-pour-les-aides-soignants\\\/\"},\"wordCount\":815,\"publisher\":{\"@id\":\"https:\\\/\\\/www.staffsocial.fr\\\/contenu\\\/#organization\"},\"image\":{\"@id\":\"https:\\\/\\\/www.staffsocial.fr\\\/contenu\\\/quelles-reconversions-professionnelles-pour-les-aides-soignants\\\/#primaryimage\"},\"thumbnailUrl\":\"https:\\\/\\\/content.staffsocial.fr\\\/wp-content\\\/uploads\\\/2023\\\/07\\\/Image-mise-en-avant-7.png\",\"keywords\":[\"aide-soignant\",\"\u00e9volution de carri\u00e8re\",\"\u00e9volution professionnelle\",\"reconversion\"],\"articleSection\":[\"Actualit\u00e9s\",\"G\u00e9rer sa carri\u00e8re\"],\"inLanguage\":\"fr-FR\"},{\"@type\":\"WebPage\",\"@id\":\"https:\\\/\\\/www.staffsocial.fr\\\/contenu\\\/quelles-reconversions-professionnelles-pour-les-aides-soignants\\\/\",\"url\":\"https:\\\/\\\/www.staffsocial.fr\\\/contenu\\\/quelles-reconversions-professionnelles-pour-les-aides-soignants\\\/\",\"name\":\"Aide-soignant : 5 id\u00e9es de reconversions et passerelles possibles | Staffsocial\",\"isPartOf\":{\"@id\":\"https:\\\/\\\/www.staffsocial.fr\\\/contenu\\\/#website\"},\"primaryImageOfPage\":{\"@id\":\"https:\\\/\\\/www.staffsocial.fr\\\/contenu\\\/quelles-reconversions-professionnelles-pour-les-aides-soignants\\\/#primaryimage\"},\"image\":{\"@id\":\"https:\\\/\\\/www.staffsocial.fr\\\/contenu\\\/quelles-reconversions-professionnelles-pour-les-aides-soignants\\\/#primaryimage\"},\"thumbnailUrl\":\"https:\\\/\\\/content.staffsocial.fr\\\/wp-content\\\/uploads\\\/2023\\\/07\\\/Image-mise-en-avant-7.png\",\"datePublished\":\"2025-06-25T08:37:35+00:00\",\"dateModified\":\"2025-06-26T12:27:07+00:00\",\"description\":\"Le m\u00e9tier d\u2019aide-soignant pr\u00e9sente plusieurs possibilit\u00e9s de reconversion pour faire \u00e9voluer sa carri\u00e8re. Dans sa cartographie annuelle r\u00e9alis\u00e9e aupr\u00e8s de 868 541 agents, l\u2019ANFH a regroup\u00e9 les principaux m\u00e9tiers exerc\u00e9s apr\u00e8s reclassement.\",\"breadcrumb\":{\"@id\":\"https:\\\/\\\/www.staffsocial.fr\\\/contenu\\\/quelles-reconversions-professionnelles-pour-les-aides-soignants\\\/#breadcrumb\"},\"inLanguage\":\"fr-FR\",\"potentialAction\":[{\"@type\":\"ReadAction\",\"target\":[\"https:\\\/\\\/www.staffsocial.fr\\\/contenu\\\/quelles-reconversions-professionnelles-pour-les-aides-soignants\\\/\"]}]},{\"@type\":\"ImageObject\",\"inLanguage\":\"fr-FR\",\"@id\":\"https:\\\/\\\/www.staffsocial.fr\\\/contenu\\\/quelles-reconversions-professionnelles-pour-les-aides-soignants\\\/#primaryimage\",\"url\":\"https:\\\/\\\/content.staffsocial.fr\\\/wp-content\\\/uploads\\\/2023\\\/07\\\/Image-mise-en-avant-7.png\",\"contentUrl\":\"https:\\\/\\\/content.staffsocial.fr\\\/wp-content\\\/uploads\\\/2023\\\/07\\\/Image-mise-en-avant-7.png\",\"width\":2000,\"height\":500,\"caption\":\"reconversion aide soignant\"},{\"@type\":\"BreadcrumbList\",\"@id\":\"https:\\\/\\\/www.staffsocial.fr\\\/contenu\\\/quelles-reconversions-professionnelles-pour-les-aides-soignants\\\/#breadcrumb\",\"itemListElement\":[{\"@type\":\"ListItem\",\"position\":1,\"name\":\"Home\",\"item\":\"https:\\\/\\\/www.staffsocial.fr\\\/contenu\\\/\"},{\"@type\":\"ListItem\",\"position\":2,\"name\":\"Aide-soignant : 5 id\u00e9es de reconversions et passerelles possibles\"}]},{\"@type\":\"WebSite\",\"@id\":\"https:\\\/\\\/www.staffsocial.fr\\\/contenu\\\/#website\",\"url\":\"https:\\\/\\\/www.staffsocial.fr\\\/contenu\\\/\",\"name\":\"Staffsocial\",\"description\":\"Offres d&#039;emploi et actualit\u00e9s des professionnels de sant\u00e9\",\"publisher\":{\"@id\":\"https:\\\/\\\/www.staffsocial.fr\\\/contenu\\\/#organization\"},\"potentialAction\":[{\"@type\":\"SearchAction\",\"target\":{\"@type\":\"EntryPoint\",\"urlTemplate\":\"https:\\\/\\\/www.staffsocial.fr\\\/contenu\\\/?s={search_term_string}\"},\"query-input\":{\"@type\":\"PropertyValueSpecification\",\"valueRequired\":true,\"valueName\":\"search_term_string\"}}],\"inLanguage\":\"fr-FR\"},{\"@type\":\"Organization\",\"@id\":\"https:\\\/\\\/www.staffsocial.fr\\\/contenu\\\/#organization\",\"name\":\"Staffsocial\",\"url\":\"https:\\\/\\\/www.staffsocial.fr\\\/contenu\\\/\",\"logo\":{\"@type\":\"ImageObject\",\"inLanguage\":\"fr-FR\",\"@id\":\"https:\\\/\\\/www.staffsocial.fr\\\/contenu\\\/#\\\/schema\\\/logo\\\/image\\\/\",\"url\":\"https:\\\/\\\/content.staffsocial.fr\\\/wp-content\\\/uploads\\\/2019\\\/11\\\/logo-staffsocial_RGB_fond_blanc.jpg\",\"contentUrl\":\"https:\\\/\\\/content.staffsocial.fr\\\/wp-content\\\/uploads\\\/2019\\\/11\\\/logo-staffsocial_RGB_fond_blanc.jpg\",\"width\":2225,\"height\":592,\"caption\":\"Staffsocial\"},\"image\":{\"@id\":\"https:\\\/\\\/www.staffsocial.fr\\\/contenu\\\/#\\\/schema\\\/logo\\\/image\\\/\"}},{\"@type\":\"Person\",\"@id\":\"https:\\\/\\\/www.staffsocial.fr\\\/contenu\\\/#\\\/schema\\\/person\\\/4088b17fbb089dddcc7a7cffeea82499\",\"name\":\"Cl\u00e9ment Wasselin\",\"image\":{\"@type\":\"ImageObject\",\"inLanguage\":\"fr-FR\",\"@id\":\"https:\\\/\\\/secure.gravatar.com\\\/avatar\\\/519c2bb318af16abc2306be78ea406d741de81953d506b5def07362b351f5020?s=96&d=mm&r=g\",\"url\":\"https:\\\/\\\/secure.gravatar.com\\\/avatar\\\/519c2bb318af16abc2306be78ea406d741de81953d506b5def07362b351f5020?s=96&d=mm&r=g\",\"contentUrl\":\"https:\\\/\\\/secure.gravatar.com\\\/avatar\\\/519c2bb318af16abc2306be78ea406d741de81953d506b5def07362b351f5020?s=96&d=mm&r=g\",\"caption\":\"Cl\u00e9ment Wasselin\"},\"url\":\"https:\\\/\\\/www.staffsocial.fr\\\/contenu\\\/author\\\/admin_social_content\\\/\"}]}<\/script>\n<!-- \/ Yoast SEO plugin. -->","yoast_head_json":{"title":"Aide-soignant : 5 id\u00e9es de reconversions et passerelles possibles | Staffsocial","description":"Le m\u00e9tier d\u2019aide-soignant pr\u00e9sente plusieurs possibilit\u00e9s de reconversion pour faire \u00e9voluer sa carri\u00e8re. Dans sa cartographie annuelle r\u00e9alis\u00e9e aupr\u00e8s de 868 541 agents, l\u2019ANFH a regroup\u00e9 les principaux m\u00e9tiers exerc\u00e9s apr\u00e8s reclassement.","robots":{"index":"index","follow":"follow","max-snippet":"max-snippet:-1","max-image-preview":"max-image-preview:large","max-video-preview":"max-video-preview:-1"},"canonical":"https:\/\/www.staffsocial.fr\/contenu\/quelles-reconversions-professionnelles-pour-les-aides-soignants\/","og_locale":"fr_FR","og_type":"article","og_title":"Aide-soignant : 5 id\u00e9es de reconversions et passerelles possibles | Staffsocial","og_description":"Le m\u00e9tier d\u2019aide-soignant pr\u00e9sente plusieurs possibilit\u00e9s de reconversion pour faire \u00e9voluer sa carri\u00e8re. Dans sa cartographie annuelle r\u00e9alis\u00e9e aupr\u00e8s de 868 541 agents, l\u2019ANFH a regroup\u00e9 les principaux m\u00e9tiers exerc\u00e9s apr\u00e8s reclassement.","og_url":"https:\/\/www.staffsocial.fr\/contenu\/quelles-reconversions-professionnelles-pour-les-aides-soignants\/","og_site_name":"Staffsocial","article_published_time":"2025-06-25T08:37:35+00:00","article_modified_time":"2025-06-26T12:27:07+00:00","og_image":[{"width":1200,"height":630,"url":"https:\/\/content.staffsocial.fr\/wp-content\/uploads\/2023\/07\/image-facebook-social.png","type":"image\/png"}],"author":"Cl\u00e9ment Wasselin","twitter_card":"summary_large_image","twitter_misc":{"\u00c9crit par":"Cl\u00e9ment Wasselin","Dur\u00e9e de lecture estim\u00e9e":"5 minutes"},"schema":{"@context":"https:\/\/schema.org","@graph":[{"@type":"Article","@id":"https:\/\/www.staffsocial.fr\/contenu\/quelles-reconversions-professionnelles-pour-les-aides-soignants\/#article","isPartOf":{"@id":"https:\/\/www.staffsocial.fr\/contenu\/quelles-reconversions-professionnelles-pour-les-aides-soignants\/"},"author":{"name":"Cl\u00e9ment Wasselin","@id":"https:\/\/www.staffsocial.fr\/contenu\/#\/schema\/person\/4088b17fbb089dddcc7a7cffeea82499"},"headline":"Aide-soignant : 5 id\u00e9es de reconversions et passerelles possibles","datePublished":"2025-06-25T08:37:35+00:00","dateModified":"2025-06-26T12:27:07+00:00","mainEntityOfPage":{"@id":"https:\/\/www.staffsocial.fr\/contenu\/quelles-reconversions-professionnelles-pour-les-aides-soignants\/"},"wordCount":815,"publisher":{"@id":"https:\/\/www.staffsocial.fr\/contenu\/#organization"},"image":{"@id":"https:\/\/www.staffsocial.fr\/contenu\/quelles-reconversions-professionnelles-pour-les-aides-soignants\/#primaryimage"},"thumbnailUrl":"https:\/\/content.staffsocial.fr\/wp-content\/uploads\/2023\/07\/Image-mise-en-avant-7.png","keywords":["aide-soignant","\u00e9volution de carri\u00e8re","\u00e9volution professionnelle","reconversion"],"articleSection":["Actualit\u00e9s","G\u00e9rer sa carri\u00e8re"],"inLanguage":"fr-FR"},{"@type":"WebPage","@id":"https:\/\/www.staffsocial.fr\/contenu\/quelles-reconversions-professionnelles-pour-les-aides-soignants\/","url":"https:\/\/www.staffsocial.fr\/contenu\/quelles-reconversions-professionnelles-pour-les-aides-soignants\/","name":"Aide-soignant : 5 id\u00e9es de reconversions et passerelles possibles | Staffsocial","isPartOf":{"@id":"https:\/\/www.staffsocial.fr\/contenu\/#website"},"primaryImageOfPage":{"@id":"https:\/\/www.staffsocial.fr\/contenu\/quelles-reconversions-professionnelles-pour-les-aides-soignants\/#primaryimage"},"image":{"@id":"https:\/\/www.staffsocial.fr\/contenu\/quelles-reconversions-professionnelles-pour-les-aides-soignants\/#primaryimage"},"thumbnailUrl":"https:\/\/content.staffsocial.fr\/wp-content\/uploads\/2023\/07\/Image-mise-en-avant-7.png","datePublished":"2025-06-25T08:37:35+00:00","dateModified":"2025-06-26T12:27:07+00:00","description":"Le m\u00e9tier d\u2019aide-soignant pr\u00e9sente plusieurs possibilit\u00e9s de reconversion pour faire \u00e9voluer sa carri\u00e8re. Dans sa cartographie annuelle r\u00e9alis\u00e9e aupr\u00e8s de 868 541 agents, l\u2019ANFH a regroup\u00e9 les principaux m\u00e9tiers exerc\u00e9s apr\u00e8s reclassement.","breadcrumb":{"@id":"https:\/\/www.staffsocial.fr\/contenu\/quelles-reconversions-professionnelles-pour-les-aides-soignants\/#breadcrumb"},"inLanguage":"fr-FR","potentialAction":[{"@type":"ReadAction","target":["https:\/\/www.staffsocial.fr\/contenu\/quelles-reconversions-professionnelles-pour-les-aides-soignants\/"]}]},{"@type":"ImageObject","inLanguage":"fr-FR","@id":"https:\/\/www.staffsocial.fr\/contenu\/quelles-reconversions-professionnelles-pour-les-aides-soignants\/#primaryimage","url":"https:\/\/content.staffsocial.fr\/wp-content\/uploads\/2023\/07\/Image-mise-en-avant-7.png","contentUrl":"https:\/\/content.staffsocial.fr\/wp-content\/uploads\/2023\/07\/Image-mise-en-avant-7.png","width":2000,"height":500,"caption":"reconversion aide soignant"},{"@type":"BreadcrumbList","@id":"https:\/\/www.staffsocial.fr\/contenu\/quelles-reconversions-professionnelles-pour-les-aides-soignants\/#breadcrumb","itemListElement":[{"@type":"ListItem","position":1,"name":"Home","item":"https:\/\/www.staffsocial.fr\/contenu\/"},{"@type":"ListItem","position":2,"name":"Aide-soignant : 5 id\u00e9es de reconversions et passerelles possibles"}]},{"@type":"WebSite","@id":"https:\/\/www.staffsocial.fr\/contenu\/#website","url":"https:\/\/www.staffsocial.fr\/contenu\/","name":"Staffsocial","description":"Offres d&#039;emploi et actualit\u00e9s des professionnels de sant\u00e9","publisher":{"@id":"https:\/\/www.staffsocial.fr\/contenu\/#organization"},"potentialAction":[{"@type":"SearchAction","target":{"@type":"EntryPoint","urlTemplate":"https:\/\/www.staffsocial.fr\/contenu\/?s={search_term_string}"},"query-input":{"@type":"PropertyValueSpecification","valueRequired":true,"valueName":"search_term_string"}}],"inLanguage":"fr-FR"},{"@type":"Organization","@id":"https:\/\/www.staffsocial.fr\/contenu\/#organization","name":"Staffsocial","url":"https:\/\/www.staffsocial.fr\/contenu\/","logo":{"@type":"ImageObject","inLanguage":"fr-FR","@id":"https:\/\/www.staffsocial.fr\/contenu\/#\/schema\/logo\/image\/","url":"https:\/\/content.staffsocial.fr\/wp-content\/uploads\/2019\/11\/logo-staffsocial_RGB_fond_blanc.jpg","contentUrl":"https:\/\/content.staffsocial.fr\/wp-content\/uploads\/2019\/11\/logo-staffsocial_RGB_fond_blanc.jpg","width":2225,"height":592,"caption":"Staffsocial"},"image":{"@id":"https:\/\/www.staffsocial.fr\/contenu\/#\/schema\/logo\/image\/"}},{"@type":"Person","@id":"https:\/\/www.staffsocial.fr\/contenu\/#\/schema\/person\/4088b17fbb089dddcc7a7cffeea82499","name":"Cl\u00e9ment Wasselin","image":{"@type":"ImageObject","inLanguage":"fr-FR","@id":"https:\/\/secure.gravatar.com\/avatar\/519c2bb318af16abc2306be78ea406d741de81953d506b5def07362b351f5020?s=96&d=mm&r=g","url":"https:\/\/secure.gravatar.com\/avatar\/519c2bb318af16abc2306be78ea406d741de81953d506b5def07362b351f5020?s=96&d=mm&r=g","contentUrl":"https:\/\/secure.gravatar.com\/avatar\/519c2bb318af16abc2306be78ea406d741de81953d506b5def07362b351f5020?s=96&d=mm&r=g","caption":"Cl\u00e9ment Wasselin"},"url":"https:\/\/www.staffsocial.fr\/contenu\/author\/admin_social_content\/"}]}},"_links":{"self":[{"href":"https:\/\/www.staffsocial.fr\/contenu\/wp-json\/wp\/v2\/posts\/6302","targetHints":{"allow":["GET"]}}],"collection":[{"href":"https:\/\/www.staffsocial.fr\/contenu\/wp-json\/wp\/v2\/posts"}],"about":[{"href":"https:\/\/www.staffsocial.fr\/contenu\/wp-json\/wp\/v2\/types\/post"}],"author":[{"embeddable":true,"href":"https:\/\/www.staffsocial.fr\/contenu\/wp-json\/wp\/v2\/users\/1"}],"replies":[{"embeddable":true,"href":"https:\/\/www.staffsocial.fr\/contenu\/wp-json\/wp\/v2\/comments?post=6302"}],"version-history":[{"count":20,"href":"https:\/\/www.staffsocial.fr\/contenu\/wp-json\/wp\/v2\/posts\/6302\/revisions"}],"predecessor-version":[{"id":6717,"href":"https:\/\/www.staffsocial.fr\/contenu\/wp-json\/wp\/v2\/posts\/6302\/revisions\/6717"}],"wp:featuredmedia":[{"embeddable":true,"href":"https:\/\/www.staffsocial.fr\/contenu\/wp-json\/wp\/v2\/media\/6703"}],"wp:attachment":[{"href":"https:\/\/www.staffsocial.fr\/contenu\/wp-json\/wp\/v2\/media?parent=6302"}],"wp:term":[{"taxonomy":"category","embeddable":true,"href":"https:\/\/www.staffsocial.fr\/contenu\/wp-json\/wp\/v2\/categories?post=6302"},{"taxonomy":"post_tag","embeddable":true,"href":"https:\/\/www.staffsocial.fr\/contenu\/wp-json\/wp\/v2\/tags?post=6302"}],"curies":[{"name":"wp","href":"https:\/\/api.w.org\/{rel}","templated":true}]}}