{"id":3231,"date":"2014-01-20T14:30:40","date_gmt":"2014-01-20T14:30:40","guid":{"rendered":"https:\/\/content.staffsocial.fr\/?p=3231"},"modified":"2023-03-21T12:40:52","modified_gmt":"2023-03-21T12:40:52","slug":"exemple-de-cv-puericultrice","status":"publish","type":"post","link":"https:\/\/www.staffsocial.fr\/contenu\/exemple-de-cv-puericultrice\/","title":{"rendered":"Exemple de CV Pu\u00e9ricultrice"},"content":{"rendered":"<p>De nombreux exemples de CV sont disponibles sur Staffsocial. Pour mettre toutes les chances de votre c\u00f4t\u00e9, prenez le temps de r\u00e9aliser un CV qui vous ressemble et qui mette en valeur votre parcours professionnel.<!--more--><\/p>\n<p><span style=\"font-size: medium;\">Les exp\u00e9riences professionnelles<\/span><\/p>\n<p>Si vous \u00eates exp\u00e9riment\u00e9 comme la candidate ci-dessous, il est pr\u00e9f\u00e9rable de distinguer vos exp\u00e9riences et vos comp\u00e9tences. Si vous r\u00e9unissez ces deux rubriques, cela donnera un pav\u00e9 de texte qui ne sera pas esth\u00e9tique, car votre CV manquera d&rsquo;\u00e9quilibre et d&rsquo;harmonie. Ne perdez pas de vue que vous devez rendre votre CV le plus attrayant et le plus lisible possible afin de donner envie au recruteur de vous lire.<br \/>\nEnfin, listez vos exp\u00e9riences dans l&rsquo;ordre chronologique invers\u00e9, afin que le recruteur comprenne la logique de votre parcours et que les \u00e9l\u00e9ments les plus importants figurent en premier lieu.<\/p>\n<p><span style=\"font-size: medium;\">Les comp\u00e9tences<\/span><\/p>\n<p>Vous devez mentionner les comp\u00e9tences les plus importantes, celles qui vous permettront de d\u00e9crocher le poste que vous convoitez. L\u00e0 encore, listez-les de la plus importante \u00e0 la moins importante. Attention, ne mettez pas en avant une comp\u00e9tence que vous ma\u00eetrisez tr\u00e8s peu, m\u00eame si celle-ci figure dans l&rsquo;annonce. cela risque de se retourner contre vous en entretien.<\/p>\n<p><span style=\"font-size: medium;\">Les informations compl\u00e9mentaires et les loisirs<\/span><\/p>\n<p>\u00c0 la fin du CV, doivent figurer les \u00e9l\u00e9ments qui ach\u00e8veront de convaincre le recruteur. vous \u00eates membre d&rsquo;une association ? Vous avez effectu\u00e9 une formation en rapport avec votre m\u00e9tier ? Vous avez une passion ? C&rsquo;est le moment d&rsquo;en faire part au recruteur. Ces \u00e9l\u00e9ments vous permettront de vous distinguer d&rsquo;un autre candidat.<\/p>\n<p><strong>Carole Chazet<\/strong> (38 ans)<br \/>\n13 rue des maures<br \/>\n33400 Talence<br \/>\n06 00 00 00 00<br \/>\ncarole.chazet@puericultrice.fr<\/p>\n<p style=\"text-align: center;\"><span style=\"text-decoration: underline;\"><strong><span style=\"color: #0000ff; text-decoration: underline;\">Infirmi\u00e8re pu\u00e9ricultrice exp\u00e9riment\u00e9e<\/span><\/strong><\/span><\/p>\n<p style=\"text-align: center;\"><span style=\"color: #0000ff;\">Exp\u00e9riences professionnelles<\/span><\/p>\n<p><strong><em>De juin 2006 \u00e0 janvier 2014<\/em><\/strong> : CDI infirmi\u00e8re pu\u00e9ricultrice, Service r\u00e9animation n\u00e9onatale et p\u00e9diatrique du CHU de Bordeaux<\/p>\n<p><strong><em>De d\u00e9cembre 1999 \u00e0 mai 2006<\/em><\/strong> : CDI infirmi\u00e8re pu\u00e9ricultrice, Service p\u00e9diatrique du CH Charles Perrens de Bordeaux<\/p>\n<p><strong><em>De janvier \u00e0 septembre 1999<\/em><\/strong> : CDD infirmi\u00e8re pu\u00e9ricultrice, Service oncologie p\u00e9diatrique du CHU de Bordeaux<\/p>\n<p><strong><em>De juin 1994 \u00e0 ao\u00fbt 1997<\/em><\/strong> : CDI infirmi\u00e8re, Service p\u00e9diatrique de la clinique Saint-Augustin de Bordeaux<\/p>\n<p><strong><em>D&rsquo;ao\u00fbt 1994 \u00e0 mars 1995<\/em><\/strong> : CDD infirmi\u00e8re, Service orthop\u00e9dique de polyclinique de Bordeaux-Tondu<\/p>\n<p style=\"text-align: center;\"><span style=\"color: #0000ff;\">Comp\u00e9tences<\/span><\/p>\n<p>&#8211; Prise en charge des enfants sous assistance respiratoire invasive et non-invasive<br \/>\n&#8211; Prise en charge des grands pr\u00e9matur\u00e9s, des nouveaux-n\u00e9s, des enfants et des adolescents dont le pronostic vital est engag\u00e9<br \/>\n&#8211; Accompagnement des parents<br \/>\n&#8211; Soins de r\u00e9animation n\u00e9onatale et cardiaque<br \/>\n&#8211; Pose de perfusion et de cath\u00e9ter, pansement<br \/>\n&#8211; Encadrement des \u00e9tudiants stagiaires<\/p>\n<p style=\"text-align: center;\"><span style=\"color: #0000ff;\">Dipl\u00f4mes<\/span><\/p>\n<p>&#8211; <strong><em>1998<\/em><\/strong> : Dipl\u00f4me d&rsquo;\u00c9tat de pu\u00e9riculture<br \/>\n&#8211; <strong><em>1994<\/em><\/strong> : Dipl\u00f4me d&rsquo;\u00c9tat d&rsquo;infirmier<\/p>\n<p style=\"text-align: center;\"><span style=\"color: #0000ff;\">Informations compl\u00e9mentaires<\/span><\/p>\n<p>&#8211; Attestation de Formation aux Gestes et Soins d&rsquo;Urgences de niveau 2 (2012)<br \/>\n&#8211; Formation sur la protection maternelle et infantile (2002)<\/p>\n<p style=\"text-align: center;\"><span style=\"color: #0000ff;\">Centres d&rsquo;int\u00e9r\u00eat<\/span><\/p>\n<p>&#8211; Travaux manuels : cr\u00e9ation de bijoux et scrapbooking<br \/>\n&#8211; Randonn\u00e9e p\u00e9destre<\/p>\n<p>T\u00e9l\u00e9charger le mod\u00e8le de CV pu\u00e9riculture en format pdf :\u00a0<a class=\"telechargement_CV_pdf\" href=\"https:\/\/www.staffsocial.fr\/contenu\/wp-content\/uploads\/CV-pu\u00e9ricultrice.pdf\">CV pu\u00e9ricultrice<\/a><\/p>\n<p>T\u00e9l\u00e9charger le mod\u00e8le de CV pu\u00e9riculture en format doc :\u00a0<a class=\"telechargement_CV_doc\" href=\"https:\/\/www.staffsocial.fr\/contenu\/wp-content\/uploads\/CV-pu\u00e9ricultrice.doc\">CV pu\u00e9ricultrice<\/a><\/p>\n<p><a href=\"http:\/\/www.staffsante.fr\/offres-emploi-de-puericultrice\"><img loading=\"lazy\" decoding=\"async\" class=\"size-full wp-image-3238 aligncenter\" src=\"https:\/\/www.staffsocial.fr\/contenu\/wp-content\/uploads\/pu\u00e9ricultrice.png\" alt=\"pu\u00e9ricultrice\" width=\"150\" height=\"35\" \/><\/a><\/p>\n<p>&nbsp;<\/p>\n<p>Par\u00a0Am\u00e9lie Tison<\/p>\n","protected":false},"excerpt":{"rendered":"<p>De nombreux exemples de CV sont disponibles sur Staffsocial. Pour mettre toutes les chances de votre c\u00f4t\u00e9, prenez le temps de r\u00e9aliser un CV qui vous ressemble et qui mette en valeur votre parcours professionnel.<\/p>\n","protected":false},"author":1,"featured_media":0,"comment_status":"closed","ping_status":"closed","sticky":false,"template":"","format":"standard","meta":{"_acf_changed":false,"footnotes":""},"categories":[321,3],"tags":[31,222,182,20,87,186,134,93,101],"class_list":["post-3231","post","type-post","status-publish","format-standard","hentry","category-puericultrice","category-exemples-cv-lettre-de-motivation","tag-candidature","tag-changer-demploi","tag-conseil-etiq","tag-cv","tag-emploi","tag-exemple","tag-job","tag-sante","tag-staffsante"],"acf":[],"yoast_head":"<!-- This site is optimized with the Yoast SEO plugin v27.3 - https:\/\/yoast.com\/product\/yoast-seo-wordpress\/ -->\n<title>\ufeff\ufeffExemple, mod\u00e8le de CV Pu\u00e9ricultrice | Staffsocial<\/title>\n<meta name=\"description\" content=\"A la recherche d&#039;un mod\u00e8le, d&#039;un bon exemple de CV de pu\u00e9ricultrice ? Mettez toutes les chances de votre cot\u00e9 avec notre mod\u00e8le en ligne !\" \/>\n<meta name=\"robots\" content=\"index, follow, max-snippet:-1, max-image-preview:large, max-video-preview:-1\" \/>\n<link rel=\"canonical\" href=\"https:\/\/www.staffsocial.fr\/contenu\/exemple-de-cv-puericultrice\/\" \/>\n<meta property=\"og:locale\" content=\"fr_FR\" \/>\n<meta property=\"og:type\" content=\"article\" \/>\n<meta property=\"og:title\" content=\"\ufeff\ufeffExemple, mod\u00e8le de CV Pu\u00e9ricultrice | Staffsocial\" \/>\n<meta property=\"og:description\" content=\"A la recherche d&#039;un mod\u00e8le, d&#039;un bon exemple de CV de pu\u00e9ricultrice ? Mettez toutes les chances de votre cot\u00e9 avec notre mod\u00e8le en ligne !\" \/>\n<meta property=\"og:url\" content=\"https:\/\/www.staffsocial.fr\/contenu\/exemple-de-cv-puericultrice\/\" \/>\n<meta property=\"og:site_name\" content=\"Staffsocial\" \/>\n<meta property=\"article:published_time\" content=\"2014-01-20T14:30:40+00:00\" \/>\n<meta property=\"article:modified_time\" content=\"2023-03-21T12:40:52+00:00\" \/>\n<meta name=\"author\" content=\"Cl\u00e9ment Wasselin\" \/>\n<meta name=\"twitter:card\" content=\"summary_large_image\" \/>\n<meta name=\"twitter:label1\" content=\"\u00c9crit par\" \/>\n\t<meta name=\"twitter:data1\" content=\"Cl\u00e9ment Wasselin\" \/>\n\t<meta name=\"twitter:label2\" content=\"Dur\u00e9e de lecture estim\u00e9e\" \/>\n\t<meta name=\"twitter:data2\" content=\"3 minutes\" \/>\n<script type=\"application\/ld+json\" class=\"yoast-schema-graph\">{\"@context\":\"https:\\\/\\\/schema.org\",\"@graph\":[{\"@type\":\"Article\",\"@id\":\"https:\\\/\\\/www.staffsocial.fr\\\/contenu\\\/exemple-de-cv-puericultrice\\\/#article\",\"isPartOf\":{\"@id\":\"https:\\\/\\\/www.staffsocial.fr\\\/contenu\\\/exemple-de-cv-puericultrice\\\/\"},\"author\":{\"name\":\"Cl\u00e9ment Wasselin\",\"@id\":\"https:\\\/\\\/www.staffsocial.fr\\\/contenu\\\/#\\\/schema\\\/person\\\/4088b17fbb089dddcc7a7cffeea82499\"},\"headline\":\"Exemple de CV Pu\u00e9ricultrice\",\"datePublished\":\"2014-01-20T14:30:40+00:00\",\"dateModified\":\"2023-03-21T12:40:52+00:00\",\"mainEntityOfPage\":{\"@id\":\"https:\\\/\\\/www.staffsocial.fr\\\/contenu\\\/exemple-de-cv-puericultrice\\\/\"},\"wordCount\":544,\"publisher\":{\"@id\":\"https:\\\/\\\/www.staffsocial.fr\\\/contenu\\\/#organization\"},\"keywords\":[\"candidature\",\"Changer d'emploi\",\"conseil\",\"CV\",\"Emploi\",\"Exemple\",\"Job\",\"sant\u00e9\",\"Staffsant\u00e9\"],\"articleSection\":[\"CV et lettre de motivation pour pu\u00e9ricultrice\",\"Exemples de CV et lettres de motivation\"],\"inLanguage\":\"fr-FR\"},{\"@type\":\"WebPage\",\"@id\":\"https:\\\/\\\/www.staffsocial.fr\\\/contenu\\\/exemple-de-cv-puericultrice\\\/\",\"url\":\"https:\\\/\\\/www.staffsocial.fr\\\/contenu\\\/exemple-de-cv-puericultrice\\\/\",\"name\":\"\ufeff\ufeffExemple, mod\u00e8le de CV Pu\u00e9ricultrice | Staffsocial\",\"isPartOf\":{\"@id\":\"https:\\\/\\\/www.staffsocial.fr\\\/contenu\\\/#website\"},\"datePublished\":\"2014-01-20T14:30:40+00:00\",\"dateModified\":\"2023-03-21T12:40:52+00:00\",\"description\":\"A la recherche d'un mod\u00e8le, d'un bon exemple de CV de pu\u00e9ricultrice ? Mettez toutes les chances de votre cot\u00e9 avec notre mod\u00e8le en ligne !\",\"breadcrumb\":{\"@id\":\"https:\\\/\\\/www.staffsocial.fr\\\/contenu\\\/exemple-de-cv-puericultrice\\\/#breadcrumb\"},\"inLanguage\":\"fr-FR\",\"potentialAction\":[{\"@type\":\"ReadAction\",\"target\":[\"https:\\\/\\\/www.staffsocial.fr\\\/contenu\\\/exemple-de-cv-puericultrice\\\/\"]}]},{\"@type\":\"BreadcrumbList\",\"@id\":\"https:\\\/\\\/www.staffsocial.fr\\\/contenu\\\/exemple-de-cv-puericultrice\\\/#breadcrumb\",\"itemListElement\":[{\"@type\":\"ListItem\",\"position\":1,\"name\":\"Home\",\"item\":\"https:\\\/\\\/www.staffsocial.fr\\\/contenu\\\/\"},{\"@type\":\"ListItem\",\"position\":2,\"name\":\"Exemple de CV Pu\u00e9ricultrice\"}]},{\"@type\":\"WebSite\",\"@id\":\"https:\\\/\\\/www.staffsocial.fr\\\/contenu\\\/#website\",\"url\":\"https:\\\/\\\/www.staffsocial.fr\\\/contenu\\\/\",\"name\":\"Staffsocial\",\"description\":\"Offres d&#039;emploi et actualit\u00e9s des professionnels de sant\u00e9\",\"publisher\":{\"@id\":\"https:\\\/\\\/www.staffsocial.fr\\\/contenu\\\/#organization\"},\"potentialAction\":[{\"@type\":\"SearchAction\",\"target\":{\"@type\":\"EntryPoint\",\"urlTemplate\":\"https:\\\/\\\/www.staffsocial.fr\\\/contenu\\\/?s={search_term_string}\"},\"query-input\":{\"@type\":\"PropertyValueSpecification\",\"valueRequired\":true,\"valueName\":\"search_term_string\"}}],\"inLanguage\":\"fr-FR\"},{\"@type\":\"Organization\",\"@id\":\"https:\\\/\\\/www.staffsocial.fr\\\/contenu\\\/#organization\",\"name\":\"Staffsocial\",\"url\":\"https:\\\/\\\/www.staffsocial.fr\\\/contenu\\\/\",\"logo\":{\"@type\":\"ImageObject\",\"inLanguage\":\"fr-FR\",\"@id\":\"https:\\\/\\\/www.staffsocial.fr\\\/contenu\\\/#\\\/schema\\\/logo\\\/image\\\/\",\"url\":\"https:\\\/\\\/content.staffsocial.fr\\\/wp-content\\\/uploads\\\/2019\\\/11\\\/logo-staffsocial_RGB_fond_blanc.jpg\",\"contentUrl\":\"https:\\\/\\\/content.staffsocial.fr\\\/wp-content\\\/uploads\\\/2019\\\/11\\\/logo-staffsocial_RGB_fond_blanc.jpg\",\"width\":2225,\"height\":592,\"caption\":\"Staffsocial\"},\"image\":{\"@id\":\"https:\\\/\\\/www.staffsocial.fr\\\/contenu\\\/#\\\/schema\\\/logo\\\/image\\\/\"}},{\"@type\":\"Person\",\"@id\":\"https:\\\/\\\/www.staffsocial.fr\\\/contenu\\\/#\\\/schema\\\/person\\\/4088b17fbb089dddcc7a7cffeea82499\",\"name\":\"Cl\u00e9ment Wasselin\",\"image\":{\"@type\":\"ImageObject\",\"inLanguage\":\"fr-FR\",\"@id\":\"https:\\\/\\\/secure.gravatar.com\\\/avatar\\\/519c2bb318af16abc2306be78ea406d741de81953d506b5def07362b351f5020?s=96&d=mm&r=g\",\"url\":\"https:\\\/\\\/secure.gravatar.com\\\/avatar\\\/519c2bb318af16abc2306be78ea406d741de81953d506b5def07362b351f5020?s=96&d=mm&r=g\",\"contentUrl\":\"https:\\\/\\\/secure.gravatar.com\\\/avatar\\\/519c2bb318af16abc2306be78ea406d741de81953d506b5def07362b351f5020?s=96&d=mm&r=g\",\"caption\":\"Cl\u00e9ment Wasselin\"},\"url\":\"https:\\\/\\\/www.staffsocial.fr\\\/contenu\\\/author\\\/admin_social_content\\\/\"}]}<\/script>\n<!-- \/ Yoast SEO plugin. -->","yoast_head_json":{"title":"\ufeff\ufeffExemple, mod\u00e8le de CV Pu\u00e9ricultrice | Staffsocial","description":"A la recherche d'un mod\u00e8le, d'un bon exemple de CV de pu\u00e9ricultrice ? Mettez toutes les chances de votre cot\u00e9 avec notre mod\u00e8le en ligne !","robots":{"index":"index","follow":"follow","max-snippet":"max-snippet:-1","max-image-preview":"max-image-preview:large","max-video-preview":"max-video-preview:-1"},"canonical":"https:\/\/www.staffsocial.fr\/contenu\/exemple-de-cv-puericultrice\/","og_locale":"fr_FR","og_type":"article","og_title":"\ufeff\ufeffExemple, mod\u00e8le de CV Pu\u00e9ricultrice | Staffsocial","og_description":"A la recherche d'un mod\u00e8le, d'un bon exemple de CV de pu\u00e9ricultrice ? Mettez toutes les chances de votre cot\u00e9 avec notre mod\u00e8le en ligne !","og_url":"https:\/\/www.staffsocial.fr\/contenu\/exemple-de-cv-puericultrice\/","og_site_name":"Staffsocial","article_published_time":"2014-01-20T14:30:40+00:00","article_modified_time":"2023-03-21T12:40:52+00:00","author":"Cl\u00e9ment Wasselin","twitter_card":"summary_large_image","twitter_misc":{"\u00c9crit par":"Cl\u00e9ment Wasselin","Dur\u00e9e de lecture estim\u00e9e":"3 minutes"},"schema":{"@context":"https:\/\/schema.org","@graph":[{"@type":"Article","@id":"https:\/\/www.staffsocial.fr\/contenu\/exemple-de-cv-puericultrice\/#article","isPartOf":{"@id":"https:\/\/www.staffsocial.fr\/contenu\/exemple-de-cv-puericultrice\/"},"author":{"name":"Cl\u00e9ment Wasselin","@id":"https:\/\/www.staffsocial.fr\/contenu\/#\/schema\/person\/4088b17fbb089dddcc7a7cffeea82499"},"headline":"Exemple de CV Pu\u00e9ricultrice","datePublished":"2014-01-20T14:30:40+00:00","dateModified":"2023-03-21T12:40:52+00:00","mainEntityOfPage":{"@id":"https:\/\/www.staffsocial.fr\/contenu\/exemple-de-cv-puericultrice\/"},"wordCount":544,"publisher":{"@id":"https:\/\/www.staffsocial.fr\/contenu\/#organization"},"keywords":["candidature","Changer d'emploi","conseil","CV","Emploi","Exemple","Job","sant\u00e9","Staffsant\u00e9"],"articleSection":["CV et lettre de motivation pour pu\u00e9ricultrice","Exemples de CV et lettres de motivation"],"inLanguage":"fr-FR"},{"@type":"WebPage","@id":"https:\/\/www.staffsocial.fr\/contenu\/exemple-de-cv-puericultrice\/","url":"https:\/\/www.staffsocial.fr\/contenu\/exemple-de-cv-puericultrice\/","name":"\ufeff\ufeffExemple, mod\u00e8le de CV Pu\u00e9ricultrice | Staffsocial","isPartOf":{"@id":"https:\/\/www.staffsocial.fr\/contenu\/#website"},"datePublished":"2014-01-20T14:30:40+00:00","dateModified":"2023-03-21T12:40:52+00:00","description":"A la recherche d'un mod\u00e8le, d'un bon exemple de CV de pu\u00e9ricultrice ? Mettez toutes les chances de votre cot\u00e9 avec notre mod\u00e8le en ligne !","breadcrumb":{"@id":"https:\/\/www.staffsocial.fr\/contenu\/exemple-de-cv-puericultrice\/#breadcrumb"},"inLanguage":"fr-FR","potentialAction":[{"@type":"ReadAction","target":["https:\/\/www.staffsocial.fr\/contenu\/exemple-de-cv-puericultrice\/"]}]},{"@type":"BreadcrumbList","@id":"https:\/\/www.staffsocial.fr\/contenu\/exemple-de-cv-puericultrice\/#breadcrumb","itemListElement":[{"@type":"ListItem","position":1,"name":"Home","item":"https:\/\/www.staffsocial.fr\/contenu\/"},{"@type":"ListItem","position":2,"name":"Exemple de CV Pu\u00e9ricultrice"}]},{"@type":"WebSite","@id":"https:\/\/www.staffsocial.fr\/contenu\/#website","url":"https:\/\/www.staffsocial.fr\/contenu\/","name":"Staffsocial","description":"Offres d&#039;emploi et actualit\u00e9s des professionnels de sant\u00e9","publisher":{"@id":"https:\/\/www.staffsocial.fr\/contenu\/#organization"},"potentialAction":[{"@type":"SearchAction","target":{"@type":"EntryPoint","urlTemplate":"https:\/\/www.staffsocial.fr\/contenu\/?s={search_term_string}"},"query-input":{"@type":"PropertyValueSpecification","valueRequired":true,"valueName":"search_term_string"}}],"inLanguage":"fr-FR"},{"@type":"Organization","@id":"https:\/\/www.staffsocial.fr\/contenu\/#organization","name":"Staffsocial","url":"https:\/\/www.staffsocial.fr\/contenu\/","logo":{"@type":"ImageObject","inLanguage":"fr-FR","@id":"https:\/\/www.staffsocial.fr\/contenu\/#\/schema\/logo\/image\/","url":"https:\/\/content.staffsocial.fr\/wp-content\/uploads\/2019\/11\/logo-staffsocial_RGB_fond_blanc.jpg","contentUrl":"https:\/\/content.staffsocial.fr\/wp-content\/uploads\/2019\/11\/logo-staffsocial_RGB_fond_blanc.jpg","width":2225,"height":592,"caption":"Staffsocial"},"image":{"@id":"https:\/\/www.staffsocial.fr\/contenu\/#\/schema\/logo\/image\/"}},{"@type":"Person","@id":"https:\/\/www.staffsocial.fr\/contenu\/#\/schema\/person\/4088b17fbb089dddcc7a7cffeea82499","name":"Cl\u00e9ment Wasselin","image":{"@type":"ImageObject","inLanguage":"fr-FR","@id":"https:\/\/secure.gravatar.com\/avatar\/519c2bb318af16abc2306be78ea406d741de81953d506b5def07362b351f5020?s=96&d=mm&r=g","url":"https:\/\/secure.gravatar.com\/avatar\/519c2bb318af16abc2306be78ea406d741de81953d506b5def07362b351f5020?s=96&d=mm&r=g","contentUrl":"https:\/\/secure.gravatar.com\/avatar\/519c2bb318af16abc2306be78ea406d741de81953d506b5def07362b351f5020?s=96&d=mm&r=g","caption":"Cl\u00e9ment Wasselin"},"url":"https:\/\/www.staffsocial.fr\/contenu\/author\/admin_social_content\/"}]}},"_links":{"self":[{"href":"https:\/\/www.staffsocial.fr\/contenu\/wp-json\/wp\/v2\/posts\/3231","targetHints":{"allow":["GET"]}}],"collection":[{"href":"https:\/\/www.staffsocial.fr\/contenu\/wp-json\/wp\/v2\/posts"}],"about":[{"href":"https:\/\/www.staffsocial.fr\/contenu\/wp-json\/wp\/v2\/types\/post"}],"author":[{"embeddable":true,"href":"https:\/\/www.staffsocial.fr\/contenu\/wp-json\/wp\/v2\/users\/1"}],"replies":[{"embeddable":true,"href":"https:\/\/www.staffsocial.fr\/contenu\/wp-json\/wp\/v2\/comments?post=3231"}],"version-history":[{"count":5,"href":"https:\/\/www.staffsocial.fr\/contenu\/wp-json\/wp\/v2\/posts\/3231\/revisions"}],"predecessor-version":[{"id":6224,"href":"https:\/\/www.staffsocial.fr\/contenu\/wp-json\/wp\/v2\/posts\/3231\/revisions\/6224"}],"wp:attachment":[{"href":"https:\/\/www.staffsocial.fr\/contenu\/wp-json\/wp\/v2\/media?parent=3231"}],"wp:term":[{"taxonomy":"category","embeddable":true,"href":"https:\/\/www.staffsocial.fr\/contenu\/wp-json\/wp\/v2\/categories?post=3231"},{"taxonomy":"post_tag","embeddable":true,"href":"https:\/\/www.staffsocial.fr\/contenu\/wp-json\/wp\/v2\/tags?post=3231"}],"curies":[{"name":"wp","href":"https:\/\/api.w.org\/{rel}","templated":true}]}}