{"id":3013,"date":"2013-10-28T15:15:33","date_gmt":"2013-10-28T15:15:33","guid":{"rendered":"https:\/\/content.staffsocial.fr\/?p=3013"},"modified":"2024-07-09T09:49:10","modified_gmt":"2024-07-09T09:49:10","slug":"exemple-de-lettre-de-motivation-educateur-specialise","status":"publish","type":"post","link":"https:\/\/www.staffsocial.fr\/contenu\/exemple-de-lettre-de-motivation-educateur-specialise\/","title":{"rendered":"Exemple de lettre de motivation \u00e9ducateur sp\u00e9cialis\u00e9"},"content":{"rendered":"<h2><span style=\"font-size: medium;\">Les \u00e9l\u00e9ments \u00e0 ne pas oublier<\/span><\/h2>\n<p>La lettre de motivation est un \u00e9l\u00e9ment \u00e0 ne pas n\u00e9gliger. Avant toute chose, il est n\u00e9cessaire de lire attentivement l&rsquo;annonce pour identifier et relever les termes cl\u00e9s (comp\u00e9tences n\u00e9cessaires, qualit\u00e9s requises etc.). Il est conseill\u00e9 de les faire appara\u00eetre dans le texte que vous allez r\u00e9diger. Par ailleurs, n&rsquo;oubliez pas d&rsquo;indiquer l&rsquo;intitul\u00e9 du poste pour lequel vous postulez. Si vous candidatez apr\u00e8s avoir vu une offre sur un site d&#8217;emploi, n&rsquo;h\u00e9sitez pas \u00e0 mentionner la r\u00e9f\u00e9rence de celle-ci.<!--more--><\/p>\n<h2><span style=\"font-size: medium;\">Quelle longueur pour ma lettre de motivation ?<\/span><\/h2>\n<p>Votre lettre de motivation ne doit pas \u00eatre trop longue, car les recruteurs re\u00e7oivent des centaines de candidatures pour un m\u00eame poste. Id\u00e9alement, le texte ne doit pas faire plus d&rsquo;une page. Il faut donc \u00eatre concis et aller \u00e0 l&rsquo;essentiel. N&rsquo;oubliez pas que vous aurez l&rsquo;occasion d&rsquo;entrer dans les d\u00e9tails durant l&rsquo;entretien.<br \/>\nPar ailleurs, ne perdez pas de vue que la lettre ne doit pas \u00eatre un r\u00e9capitulatif de votre CV. Elle doit permettre au recruteur de comprendre pourquoi vous postulez, mais aussi de lui d\u00e9montrer la l\u00e9gitimit\u00e9 de votre candidature par rapport au profil recherch\u00e9. Enfin, c&rsquo;est aussi un moyen de mettre en \u00e9vidence les comp\u00e9tences que vous pourriez lui apporter.<\/p>\n<h2><span style=\"font-size: medium;\">Attention \u00e0 l&rsquo;organisation de votre lettre<\/span><\/h2>\n<p>Afin de donner envie au recruteur de lire votre lettre et de lui en faciliter la lecture, il est n\u00e9cessaire de passer des lignes. Votre lettre est ainsi a\u00e9r\u00e9e et organis\u00e9e, chaque th\u00e8me ayant sa section. Ici, le premier paragraphe est d\u00e9di\u00e9 \u00e0 l&rsquo;introduction, le second \u00e0 la pr\u00e9sentation des exp\u00e9riences, le troisi\u00e8me permet de lister les atouts et enfin le dernier paragraphe est d\u00e9di\u00e9 \u00e0 la conclusion de la lettre de motivation.<\/p>\n<h2><span style=\"font-size: medium;\">Illustrez vos propos d&rsquo;exemples concrets<\/span><\/h2>\n<p>Pour donner davantage de cr\u00e9dibilit\u00e9 \u00e0 votre candidature, n&rsquo;h\u00e9sitez pas \u00e0 mentionner et \u00e0 expliquer les actions ou les projets que vous avez men\u00e9s \u00e0 bien par le pass\u00e9. Ici, le candidat mentionne le fait qu&rsquo;il a anim\u00e9 des ateliers \u00e9ducatifs de sensibilisation \u00e0 la violence. \u00c9videmment, il faut que ces exemples soient en lien avec l&rsquo;annonce pour laquelle vous postulez.<\/p>\n<p>L\u00e9o Basin<br \/>\n13 rue Carnot<br \/>\n91000 \u00c9vry<br \/>\n06 00 00 00 00<br \/>\nleo.basin@educateur.fr<\/p>\n<p style=\"text-align: right;\">\u00c9vry, le 24 octobre 2013<\/p>\n<p style=\"text-align: right;\">Madame Martin<br \/>\nMaison d&rsquo;enfants \u00e0 caract\u00e8re social \u00ab\u00a0Les Roches\u00a0\u00bb<br \/>\n91250 Morsang-sur-Seine<\/p>\n<p style=\"text-align: left;\">Objet : Candidature pour le poste d&rsquo;\u00e9ducateur sp\u00e9cialis\u00e9 (Staffsocial offre n\u00b0XGDR457JI)<\/p>\n<p style=\"text-align: left;\">Madame Martin,<\/p>\n<p style=\"text-align: left;\">Je suis \u00e9ducateur sp\u00e9cialis\u00e9 \u00e0 l&rsquo;institut m\u00e9dico-\u00e9ducatif d&rsquo;\u00c9vry et titulaire depuis sept ans du dipl\u00f4me d&rsquo;\u00e9ducateur sp\u00e9cialis\u00e9. Je me permets de vous contacter afin de soumettre ma candidature pour le poste \u00e0 pourvoir au sein de la Maison d&rsquo;enfants \u00ab\u00a0Les Roches\u00a0\u00bb.<\/p>\n<p style=\"text-align: left;\">Sachez que je dispose d&rsquo;une premi\u00e8re exp\u00e9rience au sein d&rsquo;une maison d&rsquo;enfants. J&rsquo;y ai appris \u00e0 d\u00e9velopper des projets \u00e9ducatifs individuels en collaboration avec les \u00e9quipes \u00e9ducatives et les parents. J&rsquo;en garde un tr\u00e8s bon souvenir, c&rsquo;est pourquoi aujourd&rsquo;hui\u00a0je souhaiterais\u00a0r\u00e9it\u00e9rer l&rsquo;exp\u00e9rience et exercer au sein de votre \u00e9tablissement. Cela serait pour moi l&rsquo;occasion de\u00a0donner un nouvel \u00e9lan \u00e0 ma carri\u00e8re et\u00a0d&rsquo;acqu\u00e9rir de nouvelles comp\u00e9tences.<\/p>\n<p style=\"text-align: left;\">Durant mes pr\u00e9c\u00e9dentes exp\u00e9riences, j&rsquo;ai eu l&rsquo;occasion de mettre en application les connaissances acquises lors de ma formation menant au dipl\u00f4me d&rsquo;\u00e9tat d&rsquo;\u00e9ducateur et de d\u00e9velopper d&rsquo;autres qualit\u00e9s indispensables au m\u00e9tier d&rsquo;\u00e9ducateur sp\u00e9cialis\u00e9 comme par exemple le sens de l&rsquo;\u00e9coute, la patience, la pers\u00e9v\u00e9rance et la rigueur.<br \/>\nPar ailleurs, j&rsquo;ai anim\u00e9 des ateliers \u00e9ducatifs de sensibilisation \u00e0 la violence aupr\u00e8s d&rsquo;un public \u00e2g\u00e9 de 11 \u00e0 15 ans ainsi que d&rsquo;autres ateliers artistiques orient\u00e9s vers le th\u00e9\u00e2tre et la peinture. Ce sont des activit\u00e9s que je pourrais facilement mettre en place au sein de votre maison d&rsquo;enfants.<\/p>\n<p style=\"text-align: left;\">Je me tiens \u00e0 votre disposition pour vous exprimer de vive-voix l&rsquo;ensemble de mes motivations et vous convaincre de la pertinence de ma candidature pour le poste \u00e0 pourvoir.<br \/>\nDans l&rsquo;espoir d&rsquo;une r\u00e9ponse favorable de votre part, je vous prie d&rsquo;agr\u00e9er, Madame Martin, l&rsquo;expression de mes salutations distingu\u00e9es.<\/p>\n<p style=\"text-align: right;\">L\u00e9o Basin<\/p>\n<p>T\u00e9l\u00e9charger le mod\u00e8le de la lettre de motivation d&rsquo;\u00e9ducateur sp\u00e9cialis\u00e9\u00a0en format pdf :\u00a0<a class=\"telechargement_LM_pdf\" href=\"https:\/\/www.staffsocial.fr\/contenu\/wp-content\/uploads\/Lettre-de-motivation-\u00e9ducateur-sp\u00e9cialis\u00e9.pdf\">Lettre de motivation \u00e9ducateur sp\u00e9cialis\u00e9<\/a>.<\/p>\n<p>T\u00e9l\u00e9charger le mod\u00e8le de la lettre de motivation d&rsquo;\u00e9ducateur sp\u00e9cialis\u00e9\u00a0en format doc :\u00a0<a class=\"telechargement_LM_doc\" href=\"https:\/\/www.staffsocial.fr\/contenu\/wp-content\/uploads\/Lettre-de-motivation-\u00e9ducateur-sp\u00e9cialis\u00e9.doc\">Lettre de motivation \u00e9ducateur sp\u00e9cialis\u00e9<\/a>.<\/p>\n<p><a href=\"https:\/\/www.staffsocial.fr\/recherche?utf8=%E2%9C%93&amp;log%5Bprevious_id%5D=7743814&amp;fque=%C3%89ducateur+sp%C3%A9cialis%C3%A9&amp;fdonde=&amp;job_search%5Bnew_search%5D=true&amp;types_contrat=job_offer&amp;quoi=%C3%89ducateur+sp%C3%A9cialis%C3%A9&amp;ou=&amp;publie_depuis%5B%5D=less_than_30_days_ago&amp;email_top=&amp;trie_par=&amp;log%5Bdo_not_save%5D=&amp;par_page=&amp;email_bottom=\"><img loading=\"lazy\" decoding=\"async\" class=\"aligncenter wp-image-3112 size-full\" src=\"https:\/\/content.staffsocial.fr\/wp-content\/uploads\/lettre_educ_spe_ok.png\" alt=\"lettre_educ_spe_ok\" width=\"138\" height=\"54\" \/><\/a><\/p>\n<p>Par Am\u00e9lie Tison<\/p>\n","protected":false},"excerpt":{"rendered":"<p>Les \u00e9l\u00e9ments \u00e0 ne pas oublier La lettre de motivation est un \u00e9l\u00e9ment \u00e0 ne pas n\u00e9gliger. Avant toute chose, il est n\u00e9cessaire de lire attentivement l&rsquo;annonce pour identifier et relever les termes cl\u00e9s (comp\u00e9tences n\u00e9cessaires, qualit\u00e9s requises etc.). Il est conseill\u00e9 de les faire appara\u00eetre dans le texte que vous allez r\u00e9diger. Par ailleurs, [&hellip;]<\/p>\n","protected":false},"author":1,"featured_media":0,"comment_status":"closed","ping_status":"closed","sticky":false,"template":"","format":"standard","meta":{"_acf_changed":false,"footnotes":""},"categories":[325,3],"tags":[31,20,17,87,73,186,33,189,210,28,98],"class_list":["post-3013","post","type-post","status-publish","format-standard","hentry","category-educateur-specialise","category-exemples-cv-lettre-de-motivation","tag-candidature","tag-cv","tag-educateur-specialise","tag-emploi","tag-entretien-dembauche","tag-exemple","tag-lettre-de-motivation","tag-medico-social","tag-modele","tag-recherche-demploi","tag-staffsocial"],"acf":[],"yoast_head":"<!-- This site is optimized with the Yoast SEO plugin v27.3 - https:\/\/yoast.com\/product\/yoast-seo-wordpress\/ -->\n<title>Exemple de lettre de motivation \u00e9ducateur sp\u00e9cialis\u00e9 | Staffsocial<\/title>\n<meta name=\"description\" content=\"D\u00e9couvrez ici notre exemple de lettre de motivation pour \u00e9ducateur sp\u00e9cialis\u00e9 ! Consultez notre exemple t\u00e9l\u00e9chargeable en ligne gratuitement !\" \/>\n<meta name=\"robots\" content=\"index, follow, max-snippet:-1, max-image-preview:large, max-video-preview:-1\" \/>\n<link rel=\"canonical\" href=\"https:\/\/www.staffsocial.fr\/contenu\/exemple-de-lettre-de-motivation-educateur-specialise\/\" \/>\n<meta property=\"og:locale\" content=\"fr_FR\" \/>\n<meta property=\"og:type\" content=\"article\" \/>\n<meta property=\"og:title\" content=\"Exemple de lettre de motivation \u00e9ducateur sp\u00e9cialis\u00e9 | Staffsocial\" \/>\n<meta property=\"og:description\" content=\"D\u00e9couvrez ici notre exemple de lettre de motivation pour \u00e9ducateur sp\u00e9cialis\u00e9 ! Consultez notre exemple t\u00e9l\u00e9chargeable en ligne gratuitement !\" \/>\n<meta property=\"og:url\" content=\"https:\/\/www.staffsocial.fr\/contenu\/exemple-de-lettre-de-motivation-educateur-specialise\/\" \/>\n<meta property=\"og:site_name\" content=\"Staffsocial\" \/>\n<meta property=\"article:published_time\" content=\"2013-10-28T15:15:33+00:00\" \/>\n<meta property=\"article:modified_time\" content=\"2024-07-09T09:49:10+00:00\" \/>\n<meta property=\"og:image\" content=\"https:\/\/content.staffsocial.fr\/wp-content\/uploads\/lettre_educ_spe_ok.png\" \/>\n<meta name=\"author\" content=\"Cl\u00e9ment Wasselin\" \/>\n<meta name=\"twitter:card\" content=\"summary_large_image\" \/>\n<meta name=\"twitter:label1\" content=\"\u00c9crit par\" \/>\n\t<meta name=\"twitter:data1\" content=\"Cl\u00e9ment Wasselin\" \/>\n\t<meta name=\"twitter:label2\" content=\"Dur\u00e9e de lecture estim\u00e9e\" \/>\n\t<meta name=\"twitter:data2\" content=\"4 minutes\" \/>\n<script type=\"application\/ld+json\" class=\"yoast-schema-graph\">{\"@context\":\"https:\\\/\\\/schema.org\",\"@graph\":[{\"@type\":\"Article\",\"@id\":\"https:\\\/\\\/www.staffsocial.fr\\\/contenu\\\/exemple-de-lettre-de-motivation-educateur-specialise\\\/#article\",\"isPartOf\":{\"@id\":\"https:\\\/\\\/www.staffsocial.fr\\\/contenu\\\/exemple-de-lettre-de-motivation-educateur-specialise\\\/\"},\"author\":{\"name\":\"Cl\u00e9ment Wasselin\",\"@id\":\"https:\\\/\\\/www.staffsocial.fr\\\/contenu\\\/#\\\/schema\\\/person\\\/4088b17fbb089dddcc7a7cffeea82499\"},\"headline\":\"Exemple de lettre de motivation \u00e9ducateur sp\u00e9cialis\u00e9\",\"datePublished\":\"2013-10-28T15:15:33+00:00\",\"dateModified\":\"2024-07-09T09:49:10+00:00\",\"mainEntityOfPage\":{\"@id\":\"https:\\\/\\\/www.staffsocial.fr\\\/contenu\\\/exemple-de-lettre-de-motivation-educateur-specialise\\\/\"},\"wordCount\":756,\"publisher\":{\"@id\":\"https:\\\/\\\/www.staffsocial.fr\\\/contenu\\\/#organization\"},\"image\":{\"@id\":\"https:\\\/\\\/www.staffsocial.fr\\\/contenu\\\/exemple-de-lettre-de-motivation-educateur-specialise\\\/#primaryimage\"},\"thumbnailUrl\":\"https:\\\/\\\/content.staffsocial.fr\\\/wp-content\\\/uploads\\\/lettre_educ_spe_ok.png\",\"keywords\":[\"candidature\",\"CV\",\"\u00e9ducateur sp\u00e9cialis\u00e9\",\"Emploi\",\"entretien d'embauche\",\"Exemple\",\"lettre de motivation\",\"m\u00e9dico-social\",\"mod\u00e8le\",\"recherche d'emploi\",\"Staffsocial\"],\"articleSection\":[\"CV et lettre de motivation pour \u00e9ducateur sp\u00e9cialis\u00e9\",\"Exemples de CV et lettres de motivation\"],\"inLanguage\":\"fr-FR\"},{\"@type\":\"WebPage\",\"@id\":\"https:\\\/\\\/www.staffsocial.fr\\\/contenu\\\/exemple-de-lettre-de-motivation-educateur-specialise\\\/\",\"url\":\"https:\\\/\\\/www.staffsocial.fr\\\/contenu\\\/exemple-de-lettre-de-motivation-educateur-specialise\\\/\",\"name\":\"Exemple de lettre de motivation \u00e9ducateur sp\u00e9cialis\u00e9 | Staffsocial\",\"isPartOf\":{\"@id\":\"https:\\\/\\\/www.staffsocial.fr\\\/contenu\\\/#website\"},\"primaryImageOfPage\":{\"@id\":\"https:\\\/\\\/www.staffsocial.fr\\\/contenu\\\/exemple-de-lettre-de-motivation-educateur-specialise\\\/#primaryimage\"},\"image\":{\"@id\":\"https:\\\/\\\/www.staffsocial.fr\\\/contenu\\\/exemple-de-lettre-de-motivation-educateur-specialise\\\/#primaryimage\"},\"thumbnailUrl\":\"https:\\\/\\\/content.staffsocial.fr\\\/wp-content\\\/uploads\\\/lettre_educ_spe_ok.png\",\"datePublished\":\"2013-10-28T15:15:33+00:00\",\"dateModified\":\"2024-07-09T09:49:10+00:00\",\"description\":\"D\u00e9couvrez ici notre exemple de lettre de motivation pour \u00e9ducateur sp\u00e9cialis\u00e9 ! Consultez notre exemple t\u00e9l\u00e9chargeable en ligne gratuitement !\",\"breadcrumb\":{\"@id\":\"https:\\\/\\\/www.staffsocial.fr\\\/contenu\\\/exemple-de-lettre-de-motivation-educateur-specialise\\\/#breadcrumb\"},\"inLanguage\":\"fr-FR\",\"potentialAction\":[{\"@type\":\"ReadAction\",\"target\":[\"https:\\\/\\\/www.staffsocial.fr\\\/contenu\\\/exemple-de-lettre-de-motivation-educateur-specialise\\\/\"]}]},{\"@type\":\"ImageObject\",\"inLanguage\":\"fr-FR\",\"@id\":\"https:\\\/\\\/www.staffsocial.fr\\\/contenu\\\/exemple-de-lettre-de-motivation-educateur-specialise\\\/#primaryimage\",\"url\":\"https:\\\/\\\/content.staffsocial.fr\\\/wp-content\\\/uploads\\\/lettre_educ_spe_ok.png\",\"contentUrl\":\"https:\\\/\\\/content.staffsocial.fr\\\/wp-content\\\/uploads\\\/lettre_educ_spe_ok.png\"},{\"@type\":\"BreadcrumbList\",\"@id\":\"https:\\\/\\\/www.staffsocial.fr\\\/contenu\\\/exemple-de-lettre-de-motivation-educateur-specialise\\\/#breadcrumb\",\"itemListElement\":[{\"@type\":\"ListItem\",\"position\":1,\"name\":\"Home\",\"item\":\"https:\\\/\\\/www.staffsocial.fr\\\/contenu\\\/\"},{\"@type\":\"ListItem\",\"position\":2,\"name\":\"Exemple de lettre de motivation \u00e9ducateur sp\u00e9cialis\u00e9\"}]},{\"@type\":\"WebSite\",\"@id\":\"https:\\\/\\\/www.staffsocial.fr\\\/contenu\\\/#website\",\"url\":\"https:\\\/\\\/www.staffsocial.fr\\\/contenu\\\/\",\"name\":\"Staffsocial\",\"description\":\"Offres d&#039;emploi et actualit\u00e9s des professionnels de sant\u00e9\",\"publisher\":{\"@id\":\"https:\\\/\\\/www.staffsocial.fr\\\/contenu\\\/#organization\"},\"potentialAction\":[{\"@type\":\"SearchAction\",\"target\":{\"@type\":\"EntryPoint\",\"urlTemplate\":\"https:\\\/\\\/www.staffsocial.fr\\\/contenu\\\/?s={search_term_string}\"},\"query-input\":{\"@type\":\"PropertyValueSpecification\",\"valueRequired\":true,\"valueName\":\"search_term_string\"}}],\"inLanguage\":\"fr-FR\"},{\"@type\":\"Organization\",\"@id\":\"https:\\\/\\\/www.staffsocial.fr\\\/contenu\\\/#organization\",\"name\":\"Staffsocial\",\"url\":\"https:\\\/\\\/www.staffsocial.fr\\\/contenu\\\/\",\"logo\":{\"@type\":\"ImageObject\",\"inLanguage\":\"fr-FR\",\"@id\":\"https:\\\/\\\/www.staffsocial.fr\\\/contenu\\\/#\\\/schema\\\/logo\\\/image\\\/\",\"url\":\"https:\\\/\\\/content.staffsocial.fr\\\/wp-content\\\/uploads\\\/2019\\\/11\\\/logo-staffsocial_RGB_fond_blanc.jpg\",\"contentUrl\":\"https:\\\/\\\/content.staffsocial.fr\\\/wp-content\\\/uploads\\\/2019\\\/11\\\/logo-staffsocial_RGB_fond_blanc.jpg\",\"width\":2225,\"height\":592,\"caption\":\"Staffsocial\"},\"image\":{\"@id\":\"https:\\\/\\\/www.staffsocial.fr\\\/contenu\\\/#\\\/schema\\\/logo\\\/image\\\/\"}},{\"@type\":\"Person\",\"@id\":\"https:\\\/\\\/www.staffsocial.fr\\\/contenu\\\/#\\\/schema\\\/person\\\/4088b17fbb089dddcc7a7cffeea82499\",\"name\":\"Cl\u00e9ment Wasselin\",\"image\":{\"@type\":\"ImageObject\",\"inLanguage\":\"fr-FR\",\"@id\":\"https:\\\/\\\/secure.gravatar.com\\\/avatar\\\/519c2bb318af16abc2306be78ea406d741de81953d506b5def07362b351f5020?s=96&d=mm&r=g\",\"url\":\"https:\\\/\\\/secure.gravatar.com\\\/avatar\\\/519c2bb318af16abc2306be78ea406d741de81953d506b5def07362b351f5020?s=96&d=mm&r=g\",\"contentUrl\":\"https:\\\/\\\/secure.gravatar.com\\\/avatar\\\/519c2bb318af16abc2306be78ea406d741de81953d506b5def07362b351f5020?s=96&d=mm&r=g\",\"caption\":\"Cl\u00e9ment Wasselin\"},\"url\":\"https:\\\/\\\/www.staffsocial.fr\\\/contenu\\\/author\\\/admin_social_content\\\/\"}]}<\/script>\n<!-- \/ Yoast SEO plugin. -->","yoast_head_json":{"title":"Exemple de lettre de motivation \u00e9ducateur sp\u00e9cialis\u00e9 | Staffsocial","description":"D\u00e9couvrez ici notre exemple de lettre de motivation pour \u00e9ducateur sp\u00e9cialis\u00e9 ! Consultez notre exemple t\u00e9l\u00e9chargeable en ligne gratuitement !","robots":{"index":"index","follow":"follow","max-snippet":"max-snippet:-1","max-image-preview":"max-image-preview:large","max-video-preview":"max-video-preview:-1"},"canonical":"https:\/\/www.staffsocial.fr\/contenu\/exemple-de-lettre-de-motivation-educateur-specialise\/","og_locale":"fr_FR","og_type":"article","og_title":"Exemple de lettre de motivation \u00e9ducateur sp\u00e9cialis\u00e9 | Staffsocial","og_description":"D\u00e9couvrez ici notre exemple de lettre de motivation pour \u00e9ducateur sp\u00e9cialis\u00e9 ! Consultez notre exemple t\u00e9l\u00e9chargeable en ligne gratuitement !","og_url":"https:\/\/www.staffsocial.fr\/contenu\/exemple-de-lettre-de-motivation-educateur-specialise\/","og_site_name":"Staffsocial","article_published_time":"2013-10-28T15:15:33+00:00","article_modified_time":"2024-07-09T09:49:10+00:00","og_image":[{"url":"https:\/\/content.staffsocial.fr\/wp-content\/uploads\/lettre_educ_spe_ok.png","type":"","width":"","height":""}],"author":"Cl\u00e9ment Wasselin","twitter_card":"summary_large_image","twitter_misc":{"\u00c9crit par":"Cl\u00e9ment Wasselin","Dur\u00e9e de lecture estim\u00e9e":"4 minutes"},"schema":{"@context":"https:\/\/schema.org","@graph":[{"@type":"Article","@id":"https:\/\/www.staffsocial.fr\/contenu\/exemple-de-lettre-de-motivation-educateur-specialise\/#article","isPartOf":{"@id":"https:\/\/www.staffsocial.fr\/contenu\/exemple-de-lettre-de-motivation-educateur-specialise\/"},"author":{"name":"Cl\u00e9ment Wasselin","@id":"https:\/\/www.staffsocial.fr\/contenu\/#\/schema\/person\/4088b17fbb089dddcc7a7cffeea82499"},"headline":"Exemple de lettre de motivation \u00e9ducateur sp\u00e9cialis\u00e9","datePublished":"2013-10-28T15:15:33+00:00","dateModified":"2024-07-09T09:49:10+00:00","mainEntityOfPage":{"@id":"https:\/\/www.staffsocial.fr\/contenu\/exemple-de-lettre-de-motivation-educateur-specialise\/"},"wordCount":756,"publisher":{"@id":"https:\/\/www.staffsocial.fr\/contenu\/#organization"},"image":{"@id":"https:\/\/www.staffsocial.fr\/contenu\/exemple-de-lettre-de-motivation-educateur-specialise\/#primaryimage"},"thumbnailUrl":"https:\/\/content.staffsocial.fr\/wp-content\/uploads\/lettre_educ_spe_ok.png","keywords":["candidature","CV","\u00e9ducateur sp\u00e9cialis\u00e9","Emploi","entretien d'embauche","Exemple","lettre de motivation","m\u00e9dico-social","mod\u00e8le","recherche d'emploi","Staffsocial"],"articleSection":["CV et lettre de motivation pour \u00e9ducateur sp\u00e9cialis\u00e9","Exemples de CV et lettres de motivation"],"inLanguage":"fr-FR"},{"@type":"WebPage","@id":"https:\/\/www.staffsocial.fr\/contenu\/exemple-de-lettre-de-motivation-educateur-specialise\/","url":"https:\/\/www.staffsocial.fr\/contenu\/exemple-de-lettre-de-motivation-educateur-specialise\/","name":"Exemple de lettre de motivation \u00e9ducateur sp\u00e9cialis\u00e9 | Staffsocial","isPartOf":{"@id":"https:\/\/www.staffsocial.fr\/contenu\/#website"},"primaryImageOfPage":{"@id":"https:\/\/www.staffsocial.fr\/contenu\/exemple-de-lettre-de-motivation-educateur-specialise\/#primaryimage"},"image":{"@id":"https:\/\/www.staffsocial.fr\/contenu\/exemple-de-lettre-de-motivation-educateur-specialise\/#primaryimage"},"thumbnailUrl":"https:\/\/content.staffsocial.fr\/wp-content\/uploads\/lettre_educ_spe_ok.png","datePublished":"2013-10-28T15:15:33+00:00","dateModified":"2024-07-09T09:49:10+00:00","description":"D\u00e9couvrez ici notre exemple de lettre de motivation pour \u00e9ducateur sp\u00e9cialis\u00e9 ! Consultez notre exemple t\u00e9l\u00e9chargeable en ligne gratuitement !","breadcrumb":{"@id":"https:\/\/www.staffsocial.fr\/contenu\/exemple-de-lettre-de-motivation-educateur-specialise\/#breadcrumb"},"inLanguage":"fr-FR","potentialAction":[{"@type":"ReadAction","target":["https:\/\/www.staffsocial.fr\/contenu\/exemple-de-lettre-de-motivation-educateur-specialise\/"]}]},{"@type":"ImageObject","inLanguage":"fr-FR","@id":"https:\/\/www.staffsocial.fr\/contenu\/exemple-de-lettre-de-motivation-educateur-specialise\/#primaryimage","url":"https:\/\/content.staffsocial.fr\/wp-content\/uploads\/lettre_educ_spe_ok.png","contentUrl":"https:\/\/content.staffsocial.fr\/wp-content\/uploads\/lettre_educ_spe_ok.png"},{"@type":"BreadcrumbList","@id":"https:\/\/www.staffsocial.fr\/contenu\/exemple-de-lettre-de-motivation-educateur-specialise\/#breadcrumb","itemListElement":[{"@type":"ListItem","position":1,"name":"Home","item":"https:\/\/www.staffsocial.fr\/contenu\/"},{"@type":"ListItem","position":2,"name":"Exemple de lettre de motivation \u00e9ducateur sp\u00e9cialis\u00e9"}]},{"@type":"WebSite","@id":"https:\/\/www.staffsocial.fr\/contenu\/#website","url":"https:\/\/www.staffsocial.fr\/contenu\/","name":"Staffsocial","description":"Offres d&#039;emploi et actualit\u00e9s des professionnels de sant\u00e9","publisher":{"@id":"https:\/\/www.staffsocial.fr\/contenu\/#organization"},"potentialAction":[{"@type":"SearchAction","target":{"@type":"EntryPoint","urlTemplate":"https:\/\/www.staffsocial.fr\/contenu\/?s={search_term_string}"},"query-input":{"@type":"PropertyValueSpecification","valueRequired":true,"valueName":"search_term_string"}}],"inLanguage":"fr-FR"},{"@type":"Organization","@id":"https:\/\/www.staffsocial.fr\/contenu\/#organization","name":"Staffsocial","url":"https:\/\/www.staffsocial.fr\/contenu\/","logo":{"@type":"ImageObject","inLanguage":"fr-FR","@id":"https:\/\/www.staffsocial.fr\/contenu\/#\/schema\/logo\/image\/","url":"https:\/\/content.staffsocial.fr\/wp-content\/uploads\/2019\/11\/logo-staffsocial_RGB_fond_blanc.jpg","contentUrl":"https:\/\/content.staffsocial.fr\/wp-content\/uploads\/2019\/11\/logo-staffsocial_RGB_fond_blanc.jpg","width":2225,"height":592,"caption":"Staffsocial"},"image":{"@id":"https:\/\/www.staffsocial.fr\/contenu\/#\/schema\/logo\/image\/"}},{"@type":"Person","@id":"https:\/\/www.staffsocial.fr\/contenu\/#\/schema\/person\/4088b17fbb089dddcc7a7cffeea82499","name":"Cl\u00e9ment Wasselin","image":{"@type":"ImageObject","inLanguage":"fr-FR","@id":"https:\/\/secure.gravatar.com\/avatar\/519c2bb318af16abc2306be78ea406d741de81953d506b5def07362b351f5020?s=96&d=mm&r=g","url":"https:\/\/secure.gravatar.com\/avatar\/519c2bb318af16abc2306be78ea406d741de81953d506b5def07362b351f5020?s=96&d=mm&r=g","contentUrl":"https:\/\/secure.gravatar.com\/avatar\/519c2bb318af16abc2306be78ea406d741de81953d506b5def07362b351f5020?s=96&d=mm&r=g","caption":"Cl\u00e9ment Wasselin"},"url":"https:\/\/www.staffsocial.fr\/contenu\/author\/admin_social_content\/"}]}},"_links":{"self":[{"href":"https:\/\/www.staffsocial.fr\/contenu\/wp-json\/wp\/v2\/posts\/3013","targetHints":{"allow":["GET"]}}],"collection":[{"href":"https:\/\/www.staffsocial.fr\/contenu\/wp-json\/wp\/v2\/posts"}],"about":[{"href":"https:\/\/www.staffsocial.fr\/contenu\/wp-json\/wp\/v2\/types\/post"}],"author":[{"embeddable":true,"href":"https:\/\/www.staffsocial.fr\/contenu\/wp-json\/wp\/v2\/users\/1"}],"replies":[{"embeddable":true,"href":"https:\/\/www.staffsocial.fr\/contenu\/wp-json\/wp\/v2\/comments?post=3013"}],"version-history":[{"count":5,"href":"https:\/\/www.staffsocial.fr\/contenu\/wp-json\/wp\/v2\/posts\/3013\/revisions"}],"predecessor-version":[{"id":6510,"href":"https:\/\/www.staffsocial.fr\/contenu\/wp-json\/wp\/v2\/posts\/3013\/revisions\/6510"}],"wp:attachment":[{"href":"https:\/\/www.staffsocial.fr\/contenu\/wp-json\/wp\/v2\/media?parent=3013"}],"wp:term":[{"taxonomy":"category","embeddable":true,"href":"https:\/\/www.staffsocial.fr\/contenu\/wp-json\/wp\/v2\/categories?post=3013"},{"taxonomy":"post_tag","embeddable":true,"href":"https:\/\/www.staffsocial.fr\/contenu\/wp-json\/wp\/v2\/tags?post=3013"}],"curies":[{"name":"wp","href":"https:\/\/api.w.org\/{rel}","templated":true}]}}