{"id":2703,"date":"2013-07-12T11:36:56","date_gmt":"2013-07-12T11:36:56","guid":{"rendered":"https:\/\/content.staffsocial.fr\/?p=2703"},"modified":"2023-03-21T12:43:01","modified_gmt":"2023-03-21T12:43:01","slug":"exemple-de-cv-auxiliaire-de-puericulture","status":"publish","type":"post","link":"https:\/\/www.staffsocial.fr\/contenu\/exemple-de-cv-auxiliaire-de-puericulture\/","title":{"rendered":"Exemple de CV Auxiliaire de pu\u00e9riculture"},"content":{"rendered":"<p><span style=\"font-size: x-large;\">Le titre<\/span><\/p>\n<p>Il est essentiel de donner un titre \u00e0 votre CV, celui-ci doit correspondre au poste pour lequel vous postulez. Le recruteur ne doit pas avoir \u00e0 deviner l&rsquo;objet de votre candidature, il n&rsquo;appr\u00e9ciera pas que vous lui fassiez perdre son temps.<!--more--><\/p>\n<p><span style=\"font-size: x-large;\">Les exp\u00e9riences professionnelles<\/span><\/p>\n<p>Selon que vous avez plus ou moins d&rsquo;ann\u00e9es d&rsquo;exp\u00e9rience, cette rubrique peut figurer en 2e place sur votre CV. Ici, il s&rsquo;agit d&rsquo;un candidat dont l&rsquo;exp\u00e9rience est un atout important, il est donc naturel que cette rubrique figure en t\u00eate du CV. Si vous n&rsquo;avez que peu ou pas d&rsquo;exp\u00e9rience, mettez plut\u00f4t la rubrique \u00ab\u00a0Formations\u00a0\u00bb en t\u00eate de CV.<\/p>\n<p><span style=\"font-size: x-large;\">Les comp\u00e9tences<\/span><\/p>\n<p>Si vous n&rsquo;avez pas d\u00e9taill\u00e9 vos activit\u00e9s dans la rubrique \u00ab\u00a0Exp\u00e9riences professionnelles\u00a0\u00bb alors cela peut faire l&rsquo;objet d&rsquo;une autre cat\u00e9gorie. Vous y d\u00e9taillerez les principales missions que vous avez effectu\u00e9es durant vos pr\u00e9c\u00e9dentes exp\u00e9riences.<\/p>\n<p><span style=\"font-size: x-large;\">Les informations compl\u00e9mentaires<\/span><\/p>\n<p>Ici, vous devez nommer tout renseignement qui pourrait \u00eatre un atout pour votre candidature. Signaler que vous avez le permis et un v\u00e9hicule signifie au recruteur que vous n&rsquo;\u00eates d\u00e9pendant de personne dans vos d\u00e9placements quotidiens et que la mobilit\u00e9 n&rsquo;est pas un frein \u00e0 votre candidature. Dans cette rubrique figure \u00e9galement la formation de secourisme qui est un avantage non-n\u00e9gligeable quand on travaille aupr\u00e8s de jeunes enfants.<\/p>\n<p><strong>Chlo\u00eb BASIN<\/strong> (30 ans)<br \/>\n2 rue Tenremonde<br \/>\n59000. Lille<br \/>\n06 00 00 00 00<br \/>\nchloe.basin@auxiliaire.fr<\/p>\n<p style=\"text-align: center;\"><span style=\"text-decoration: underline; color: #3366ff;\"><span style=\"font-size: medium;\"><strong>Auxiliaire de pu\u00e9riculture : 13 ans d&rsquo;exp\u00e9rience<\/strong><\/span><\/span><\/p>\n<p style=\"text-align: center;\"><span style=\"color: #3366ff;\">Exp\u00e9riences professionnelles<\/span><\/p>\n<ul>\n<li><strong><em>De 2007 \u00e0 aujourd&rsquo;hui<\/em><\/strong> : Auxiliaire de pu\u00e9riculture au CHR de Lille<\/li>\n<li><strong><em>De 2000 \u00e0 2006<\/em><\/strong> : Auxiliaire de pu\u00e9riculture \u00e0 la cr\u00e8che municipale de Lille<\/li>\n<li><strong><em>De septembre 1998 \u00e0 janvier 1999<\/em><\/strong> : Auxiliaire de pu\u00e9riculture \u00e0 la cr\u00e8che \u00ab\u00a0Les petits loups\u00a0\u00bb de Lille<\/li>\n<\/ul>\n<p style=\"text-align: center;\"><span style=\"color: #3366ff;\">Formations<\/span><\/p>\n<ul>\n<li><span style=\"line-height: 13px;\"><strong><em>1998<\/em><\/strong> : Obtention du Dipl\u00f4me d&rsquo;\u00c9tat d&rsquo;auxiliaire de pu\u00e9riculture<\/span><\/li>\n<li><strong><em>1997 &#8211; 1998<\/em><\/strong> : Pr\u00e9paration du Dipl\u00f4me d&rsquo;\u00c9tat \u00e0 l&rsquo;IFSI de Lille<\/li>\n<li><strong><em>1995 &#8211; 1997<\/em><\/strong> : CAP Petite Enfance, Lyc\u00e9e professionnel Lousie de Marillac de Lille<\/li>\n<\/ul>\n<p style=\"text-align: center;\"><span style=\"color: #3366ff;\">Comp\u00e9tences<\/span><\/p>\n<ul>\n<li><span style=\"line-height: 13px;\">Participation au projet p\u00e9dagogique : animations et pr\u00e9parations d&rsquo;activit\u00e9s d&rsquo;\u00e9veil<\/span><\/li>\n<li>Ma\u00eetrise des protocoles d&rsquo;hygi\u00e8ne : toilettes, changes et soins des nourissons<\/li>\n<li>Repas<\/li>\n<li>Accueil des parents et des enfants<\/li>\n<\/ul>\n<p style=\"text-align: center;\"><span style=\"color: #3366ff;\">Informations compl\u00e9mentaires<\/span><\/p>\n<ul>\n<li><span style=\"line-height: 13px;\">Poss\u00e8de le permis B et un v\u00e9hicule<\/span><\/li>\n<li>Formation Pr\u00e9vention et Secours Civiques de niveau 1 (PSC1)<\/li>\n<\/ul>\n<p style=\"text-align: center;\"><span style=\"color: #3366ff;\">Centres d&rsquo;int\u00e9r\u00eat<\/span><\/p>\n<ul>\n<li><span style=\"line-height: 13px;\">Piano (depuis 12 ans)<\/span><\/li>\n<li>Th\u00e9\u00e2tre au sein de la troupe \u00ab\u00a0M\u00e9li m\u00e9lo\u00a0\u00bb<\/li>\n<\/ul>\n<p>T\u00e9l\u00e9charger le mod\u00e8le de CV auxiliaire de pu\u00e9riculture en format pdf :\u00a0<a class=\"telechargement_CV_pdf\" href=\"https:\/\/www.staffsocial.fr\/contenu\/wp-content\/uploads\/CV-auxiliaire-de-puericulture.pdf\">CV auxiliaire de pu\u00e9riculture<\/a><\/p>\n<p>T\u00e9l\u00e9charger le mod\u00e8le de CV auxiliaire de pu\u00e9riculture en format doc :\u00a0<a class=\"telechargement_CV_doc\" href=\"https:\/\/www.staffsocial.fr\/contenu\/wp-content\/uploads\/CV-auxiliaire-de-puericulture.doc\">CV auxiliaire de pu\u00e9riculture<\/a><\/p>\n<p><a href=\"http:\/\/www.staffsante.fr\/recherche?utf8=%E2%9C%93&amp;log%5Bprevious_id%5D=7744672&amp;fque=Auxiliaire+de+pu%C3%A9riculture&amp;fdonde=&amp;job_search%5Bnew_search%5D=true&amp;types_contrat=job_offer&amp;quoi=Auxiliaire+de+pu%C3%A9riculture&amp;ou=&amp;publie_depuis%5B%5D=all&amp;email_top=&amp;trie_par=&amp;log%5Bdo_not_save%5D=&amp;par_page=&amp;email_bottom=\"><img loading=\"lazy\" decoding=\"async\" class=\"size-full wp-image-3118 aligncenter\" src=\"https:\/\/www.staffsocial.fr\/contenu\/wp-content\/uploads\/bouton_auxiliaire.png\" alt=\"bouton_auxiliaire\" width=\"138\" height=\"54\" \/><\/a><\/p>\n<p>Par Am\u00e9lie Tison<\/p>\n","protected":false},"excerpt":{"rendered":"<p>Le titre Il est essentiel de donner un titre \u00e0 votre CV, celui-ci doit correspondre au poste pour lequel vous postulez. Le recruteur ne doit pas avoir \u00e0 deviner l&rsquo;objet de votre candidature, il n&rsquo;appr\u00e9ciera pas que vous lui fassiez perdre son temps.<\/p>\n","protected":false},"author":1,"featured_media":0,"comment_status":"closed","ping_status":"closed","sticky":false,"template":"","format":"standard","meta":{"_acf_changed":false,"footnotes":""},"categories":[324,3],"tags":[49,31,182,20,87,186,134,210,28,101,47],"class_list":["post-2703","post","type-post","status-publish","format-standard","hentry","category-auxiliaire-de-puericultrice","category-exemples-cv-lettre-de-motivation","tag-auxiliaire-de-puericulture","tag-candidature","tag-conseil-etiq","tag-cv","tag-emploi","tag-exemple","tag-job","tag-modele","tag-recherche-demploi","tag-staffsante","tag-travail"],"acf":[],"yoast_head":"<!-- This site is optimized with the Yoast SEO plugin v27.3 - https:\/\/yoast.com\/product\/yoast-seo-wordpress\/ -->\n<title>Exemple, mod\u00e8le CV Auxiliaire de pu\u00e9riculture | Staffsocial<\/title>\n<meta name=\"description\" content=\"Besoin d&#039;un bon exemple de CV pour auxiliaire de pu\u00e9riculture ? Consultez notre mod\u00e8le en ligne gratuitement et d\u00e9crochez votre prochain poste !\" \/>\n<meta name=\"robots\" content=\"index, follow, max-snippet:-1, max-image-preview:large, max-video-preview:-1\" \/>\n<link rel=\"canonical\" href=\"https:\/\/www.staffsocial.fr\/contenu\/exemple-de-cv-auxiliaire-de-puericulture\/\" \/>\n<meta property=\"og:locale\" content=\"fr_FR\" \/>\n<meta property=\"og:type\" content=\"article\" \/>\n<meta property=\"og:title\" content=\"Exemple, mod\u00e8le CV Auxiliaire de pu\u00e9riculture | Staffsocial\" \/>\n<meta property=\"og:description\" content=\"Besoin d&#039;un bon exemple de CV pour auxiliaire de pu\u00e9riculture ? Consultez notre mod\u00e8le en ligne gratuitement et d\u00e9crochez votre prochain poste !\" \/>\n<meta property=\"og:url\" content=\"https:\/\/www.staffsocial.fr\/contenu\/exemple-de-cv-auxiliaire-de-puericulture\/\" \/>\n<meta property=\"og:site_name\" content=\"Staffsocial\" \/>\n<meta property=\"article:published_time\" content=\"2013-07-12T11:36:56+00:00\" \/>\n<meta property=\"article:modified_time\" content=\"2023-03-21T12:43:01+00:00\" \/>\n<meta property=\"og:image\" content=\"https:\/\/www.staffsocial.fr\/contenu\/wp-content\/uploads\/bouton_auxiliaire.png\" \/>\n<meta name=\"author\" content=\"Cl\u00e9ment Wasselin\" \/>\n<meta name=\"twitter:card\" content=\"summary_large_image\" \/>\n<meta name=\"twitter:label1\" content=\"\u00c9crit par\" \/>\n\t<meta name=\"twitter:data1\" content=\"Cl\u00e9ment Wasselin\" \/>\n\t<meta name=\"twitter:label2\" content=\"Dur\u00e9e de lecture estim\u00e9e\" \/>\n\t<meta name=\"twitter:data2\" content=\"3 minutes\" \/>\n<script type=\"application\/ld+json\" class=\"yoast-schema-graph\">{\"@context\":\"https:\\\/\\\/schema.org\",\"@graph\":[{\"@type\":\"Article\",\"@id\":\"https:\\\/\\\/www.staffsocial.fr\\\/contenu\\\/exemple-de-cv-auxiliaire-de-puericulture\\\/#article\",\"isPartOf\":{\"@id\":\"https:\\\/\\\/www.staffsocial.fr\\\/contenu\\\/exemple-de-cv-auxiliaire-de-puericulture\\\/\"},\"author\":{\"name\":\"Cl\u00e9ment Wasselin\",\"@id\":\"https:\\\/\\\/www.staffsocial.fr\\\/contenu\\\/#\\\/schema\\\/person\\\/4088b17fbb089dddcc7a7cffeea82499\"},\"headline\":\"Exemple de CV Auxiliaire de pu\u00e9riculture\",\"datePublished\":\"2013-07-12T11:36:56+00:00\",\"dateModified\":\"2023-03-21T12:43:01+00:00\",\"mainEntityOfPage\":{\"@id\":\"https:\\\/\\\/www.staffsocial.fr\\\/contenu\\\/exemple-de-cv-auxiliaire-de-puericulture\\\/\"},\"wordCount\":449,\"publisher\":{\"@id\":\"https:\\\/\\\/www.staffsocial.fr\\\/contenu\\\/#organization\"},\"image\":{\"@id\":\"https:\\\/\\\/www.staffsocial.fr\\\/contenu\\\/exemple-de-cv-auxiliaire-de-puericulture\\\/#primaryimage\"},\"thumbnailUrl\":\"https:\\\/\\\/www.staffsocial.fr\\\/contenu\\\/wp-content\\\/uploads\\\/bouton_auxiliaire.png\",\"keywords\":[\"auxiliaire de pu\u00e9riculture\",\"candidature\",\"conseil\",\"CV\",\"Emploi\",\"Exemple\",\"Job\",\"mod\u00e8le\",\"recherche d'emploi\",\"Staffsant\u00e9\",\"travail\"],\"articleSection\":[\"CV et lettre de motivation pour auxiliaire de pu\u00e9ricultrice\",\"Exemples de CV et lettres de motivation\"],\"inLanguage\":\"fr-FR\"},{\"@type\":\"WebPage\",\"@id\":\"https:\\\/\\\/www.staffsocial.fr\\\/contenu\\\/exemple-de-cv-auxiliaire-de-puericulture\\\/\",\"url\":\"https:\\\/\\\/www.staffsocial.fr\\\/contenu\\\/exemple-de-cv-auxiliaire-de-puericulture\\\/\",\"name\":\"Exemple, mod\u00e8le CV Auxiliaire de pu\u00e9riculture | Staffsocial\",\"isPartOf\":{\"@id\":\"https:\\\/\\\/www.staffsocial.fr\\\/contenu\\\/#website\"},\"primaryImageOfPage\":{\"@id\":\"https:\\\/\\\/www.staffsocial.fr\\\/contenu\\\/exemple-de-cv-auxiliaire-de-puericulture\\\/#primaryimage\"},\"image\":{\"@id\":\"https:\\\/\\\/www.staffsocial.fr\\\/contenu\\\/exemple-de-cv-auxiliaire-de-puericulture\\\/#primaryimage\"},\"thumbnailUrl\":\"https:\\\/\\\/www.staffsocial.fr\\\/contenu\\\/wp-content\\\/uploads\\\/bouton_auxiliaire.png\",\"datePublished\":\"2013-07-12T11:36:56+00:00\",\"dateModified\":\"2023-03-21T12:43:01+00:00\",\"description\":\"Besoin d'un bon exemple de CV pour auxiliaire de pu\u00e9riculture ? Consultez notre mod\u00e8le en ligne gratuitement et d\u00e9crochez votre prochain poste !\",\"breadcrumb\":{\"@id\":\"https:\\\/\\\/www.staffsocial.fr\\\/contenu\\\/exemple-de-cv-auxiliaire-de-puericulture\\\/#breadcrumb\"},\"inLanguage\":\"fr-FR\",\"potentialAction\":[{\"@type\":\"ReadAction\",\"target\":[\"https:\\\/\\\/www.staffsocial.fr\\\/contenu\\\/exemple-de-cv-auxiliaire-de-puericulture\\\/\"]}]},{\"@type\":\"ImageObject\",\"inLanguage\":\"fr-FR\",\"@id\":\"https:\\\/\\\/www.staffsocial.fr\\\/contenu\\\/exemple-de-cv-auxiliaire-de-puericulture\\\/#primaryimage\",\"url\":\"https:\\\/\\\/www.staffsocial.fr\\\/contenu\\\/wp-content\\\/uploads\\\/bouton_auxiliaire.png\",\"contentUrl\":\"https:\\\/\\\/www.staffsocial.fr\\\/contenu\\\/wp-content\\\/uploads\\\/bouton_auxiliaire.png\"},{\"@type\":\"BreadcrumbList\",\"@id\":\"https:\\\/\\\/www.staffsocial.fr\\\/contenu\\\/exemple-de-cv-auxiliaire-de-puericulture\\\/#breadcrumb\",\"itemListElement\":[{\"@type\":\"ListItem\",\"position\":1,\"name\":\"Home\",\"item\":\"https:\\\/\\\/www.staffsocial.fr\\\/contenu\\\/\"},{\"@type\":\"ListItem\",\"position\":2,\"name\":\"Exemple de CV Auxiliaire de pu\u00e9riculture\"}]},{\"@type\":\"WebSite\",\"@id\":\"https:\\\/\\\/www.staffsocial.fr\\\/contenu\\\/#website\",\"url\":\"https:\\\/\\\/www.staffsocial.fr\\\/contenu\\\/\",\"name\":\"Staffsocial\",\"description\":\"Offres d&#039;emploi et actualit\u00e9s des professionnels de sant\u00e9\",\"publisher\":{\"@id\":\"https:\\\/\\\/www.staffsocial.fr\\\/contenu\\\/#organization\"},\"potentialAction\":[{\"@type\":\"SearchAction\",\"target\":{\"@type\":\"EntryPoint\",\"urlTemplate\":\"https:\\\/\\\/www.staffsocial.fr\\\/contenu\\\/?s={search_term_string}\"},\"query-input\":{\"@type\":\"PropertyValueSpecification\",\"valueRequired\":true,\"valueName\":\"search_term_string\"}}],\"inLanguage\":\"fr-FR\"},{\"@type\":\"Organization\",\"@id\":\"https:\\\/\\\/www.staffsocial.fr\\\/contenu\\\/#organization\",\"name\":\"Staffsocial\",\"url\":\"https:\\\/\\\/www.staffsocial.fr\\\/contenu\\\/\",\"logo\":{\"@type\":\"ImageObject\",\"inLanguage\":\"fr-FR\",\"@id\":\"https:\\\/\\\/www.staffsocial.fr\\\/contenu\\\/#\\\/schema\\\/logo\\\/image\\\/\",\"url\":\"https:\\\/\\\/content.staffsocial.fr\\\/wp-content\\\/uploads\\\/2019\\\/11\\\/logo-staffsocial_RGB_fond_blanc.jpg\",\"contentUrl\":\"https:\\\/\\\/content.staffsocial.fr\\\/wp-content\\\/uploads\\\/2019\\\/11\\\/logo-staffsocial_RGB_fond_blanc.jpg\",\"width\":2225,\"height\":592,\"caption\":\"Staffsocial\"},\"image\":{\"@id\":\"https:\\\/\\\/www.staffsocial.fr\\\/contenu\\\/#\\\/schema\\\/logo\\\/image\\\/\"}},{\"@type\":\"Person\",\"@id\":\"https:\\\/\\\/www.staffsocial.fr\\\/contenu\\\/#\\\/schema\\\/person\\\/4088b17fbb089dddcc7a7cffeea82499\",\"name\":\"Cl\u00e9ment Wasselin\",\"image\":{\"@type\":\"ImageObject\",\"inLanguage\":\"fr-FR\",\"@id\":\"https:\\\/\\\/secure.gravatar.com\\\/avatar\\\/519c2bb318af16abc2306be78ea406d741de81953d506b5def07362b351f5020?s=96&d=mm&r=g\",\"url\":\"https:\\\/\\\/secure.gravatar.com\\\/avatar\\\/519c2bb318af16abc2306be78ea406d741de81953d506b5def07362b351f5020?s=96&d=mm&r=g\",\"contentUrl\":\"https:\\\/\\\/secure.gravatar.com\\\/avatar\\\/519c2bb318af16abc2306be78ea406d741de81953d506b5def07362b351f5020?s=96&d=mm&r=g\",\"caption\":\"Cl\u00e9ment Wasselin\"},\"url\":\"https:\\\/\\\/www.staffsocial.fr\\\/contenu\\\/author\\\/admin_social_content\\\/\"}]}<\/script>\n<!-- \/ Yoast SEO plugin. -->","yoast_head_json":{"title":"Exemple, mod\u00e8le CV Auxiliaire de pu\u00e9riculture | Staffsocial","description":"Besoin d'un bon exemple de CV pour auxiliaire de pu\u00e9riculture ? Consultez notre mod\u00e8le en ligne gratuitement et d\u00e9crochez votre prochain poste !","robots":{"index":"index","follow":"follow","max-snippet":"max-snippet:-1","max-image-preview":"max-image-preview:large","max-video-preview":"max-video-preview:-1"},"canonical":"https:\/\/www.staffsocial.fr\/contenu\/exemple-de-cv-auxiliaire-de-puericulture\/","og_locale":"fr_FR","og_type":"article","og_title":"Exemple, mod\u00e8le CV Auxiliaire de pu\u00e9riculture | Staffsocial","og_description":"Besoin d'un bon exemple de CV pour auxiliaire de pu\u00e9riculture ? Consultez notre mod\u00e8le en ligne gratuitement et d\u00e9crochez votre prochain poste !","og_url":"https:\/\/www.staffsocial.fr\/contenu\/exemple-de-cv-auxiliaire-de-puericulture\/","og_site_name":"Staffsocial","article_published_time":"2013-07-12T11:36:56+00:00","article_modified_time":"2023-03-21T12:43:01+00:00","og_image":[{"url":"https:\/\/www.staffsocial.fr\/contenu\/wp-content\/uploads\/bouton_auxiliaire.png","type":"","width":"","height":""}],"author":"Cl\u00e9ment Wasselin","twitter_card":"summary_large_image","twitter_misc":{"\u00c9crit par":"Cl\u00e9ment Wasselin","Dur\u00e9e de lecture estim\u00e9e":"3 minutes"},"schema":{"@context":"https:\/\/schema.org","@graph":[{"@type":"Article","@id":"https:\/\/www.staffsocial.fr\/contenu\/exemple-de-cv-auxiliaire-de-puericulture\/#article","isPartOf":{"@id":"https:\/\/www.staffsocial.fr\/contenu\/exemple-de-cv-auxiliaire-de-puericulture\/"},"author":{"name":"Cl\u00e9ment Wasselin","@id":"https:\/\/www.staffsocial.fr\/contenu\/#\/schema\/person\/4088b17fbb089dddcc7a7cffeea82499"},"headline":"Exemple de CV Auxiliaire de pu\u00e9riculture","datePublished":"2013-07-12T11:36:56+00:00","dateModified":"2023-03-21T12:43:01+00:00","mainEntityOfPage":{"@id":"https:\/\/www.staffsocial.fr\/contenu\/exemple-de-cv-auxiliaire-de-puericulture\/"},"wordCount":449,"publisher":{"@id":"https:\/\/www.staffsocial.fr\/contenu\/#organization"},"image":{"@id":"https:\/\/www.staffsocial.fr\/contenu\/exemple-de-cv-auxiliaire-de-puericulture\/#primaryimage"},"thumbnailUrl":"https:\/\/www.staffsocial.fr\/contenu\/wp-content\/uploads\/bouton_auxiliaire.png","keywords":["auxiliaire de pu\u00e9riculture","candidature","conseil","CV","Emploi","Exemple","Job","mod\u00e8le","recherche d'emploi","Staffsant\u00e9","travail"],"articleSection":["CV et lettre de motivation pour auxiliaire de pu\u00e9ricultrice","Exemples de CV et lettres de motivation"],"inLanguage":"fr-FR"},{"@type":"WebPage","@id":"https:\/\/www.staffsocial.fr\/contenu\/exemple-de-cv-auxiliaire-de-puericulture\/","url":"https:\/\/www.staffsocial.fr\/contenu\/exemple-de-cv-auxiliaire-de-puericulture\/","name":"Exemple, mod\u00e8le CV Auxiliaire de pu\u00e9riculture | Staffsocial","isPartOf":{"@id":"https:\/\/www.staffsocial.fr\/contenu\/#website"},"primaryImageOfPage":{"@id":"https:\/\/www.staffsocial.fr\/contenu\/exemple-de-cv-auxiliaire-de-puericulture\/#primaryimage"},"image":{"@id":"https:\/\/www.staffsocial.fr\/contenu\/exemple-de-cv-auxiliaire-de-puericulture\/#primaryimage"},"thumbnailUrl":"https:\/\/www.staffsocial.fr\/contenu\/wp-content\/uploads\/bouton_auxiliaire.png","datePublished":"2013-07-12T11:36:56+00:00","dateModified":"2023-03-21T12:43:01+00:00","description":"Besoin d'un bon exemple de CV pour auxiliaire de pu\u00e9riculture ? Consultez notre mod\u00e8le en ligne gratuitement et d\u00e9crochez votre prochain poste !","breadcrumb":{"@id":"https:\/\/www.staffsocial.fr\/contenu\/exemple-de-cv-auxiliaire-de-puericulture\/#breadcrumb"},"inLanguage":"fr-FR","potentialAction":[{"@type":"ReadAction","target":["https:\/\/www.staffsocial.fr\/contenu\/exemple-de-cv-auxiliaire-de-puericulture\/"]}]},{"@type":"ImageObject","inLanguage":"fr-FR","@id":"https:\/\/www.staffsocial.fr\/contenu\/exemple-de-cv-auxiliaire-de-puericulture\/#primaryimage","url":"https:\/\/www.staffsocial.fr\/contenu\/wp-content\/uploads\/bouton_auxiliaire.png","contentUrl":"https:\/\/www.staffsocial.fr\/contenu\/wp-content\/uploads\/bouton_auxiliaire.png"},{"@type":"BreadcrumbList","@id":"https:\/\/www.staffsocial.fr\/contenu\/exemple-de-cv-auxiliaire-de-puericulture\/#breadcrumb","itemListElement":[{"@type":"ListItem","position":1,"name":"Home","item":"https:\/\/www.staffsocial.fr\/contenu\/"},{"@type":"ListItem","position":2,"name":"Exemple de CV Auxiliaire de pu\u00e9riculture"}]},{"@type":"WebSite","@id":"https:\/\/www.staffsocial.fr\/contenu\/#website","url":"https:\/\/www.staffsocial.fr\/contenu\/","name":"Staffsocial","description":"Offres d&#039;emploi et actualit\u00e9s des professionnels de sant\u00e9","publisher":{"@id":"https:\/\/www.staffsocial.fr\/contenu\/#organization"},"potentialAction":[{"@type":"SearchAction","target":{"@type":"EntryPoint","urlTemplate":"https:\/\/www.staffsocial.fr\/contenu\/?s={search_term_string}"},"query-input":{"@type":"PropertyValueSpecification","valueRequired":true,"valueName":"search_term_string"}}],"inLanguage":"fr-FR"},{"@type":"Organization","@id":"https:\/\/www.staffsocial.fr\/contenu\/#organization","name":"Staffsocial","url":"https:\/\/www.staffsocial.fr\/contenu\/","logo":{"@type":"ImageObject","inLanguage":"fr-FR","@id":"https:\/\/www.staffsocial.fr\/contenu\/#\/schema\/logo\/image\/","url":"https:\/\/content.staffsocial.fr\/wp-content\/uploads\/2019\/11\/logo-staffsocial_RGB_fond_blanc.jpg","contentUrl":"https:\/\/content.staffsocial.fr\/wp-content\/uploads\/2019\/11\/logo-staffsocial_RGB_fond_blanc.jpg","width":2225,"height":592,"caption":"Staffsocial"},"image":{"@id":"https:\/\/www.staffsocial.fr\/contenu\/#\/schema\/logo\/image\/"}},{"@type":"Person","@id":"https:\/\/www.staffsocial.fr\/contenu\/#\/schema\/person\/4088b17fbb089dddcc7a7cffeea82499","name":"Cl\u00e9ment Wasselin","image":{"@type":"ImageObject","inLanguage":"fr-FR","@id":"https:\/\/secure.gravatar.com\/avatar\/519c2bb318af16abc2306be78ea406d741de81953d506b5def07362b351f5020?s=96&d=mm&r=g","url":"https:\/\/secure.gravatar.com\/avatar\/519c2bb318af16abc2306be78ea406d741de81953d506b5def07362b351f5020?s=96&d=mm&r=g","contentUrl":"https:\/\/secure.gravatar.com\/avatar\/519c2bb318af16abc2306be78ea406d741de81953d506b5def07362b351f5020?s=96&d=mm&r=g","caption":"Cl\u00e9ment Wasselin"},"url":"https:\/\/www.staffsocial.fr\/contenu\/author\/admin_social_content\/"}]}},"_links":{"self":[{"href":"https:\/\/www.staffsocial.fr\/contenu\/wp-json\/wp\/v2\/posts\/2703","targetHints":{"allow":["GET"]}}],"collection":[{"href":"https:\/\/www.staffsocial.fr\/contenu\/wp-json\/wp\/v2\/posts"}],"about":[{"href":"https:\/\/www.staffsocial.fr\/contenu\/wp-json\/wp\/v2\/types\/post"}],"author":[{"embeddable":true,"href":"https:\/\/www.staffsocial.fr\/contenu\/wp-json\/wp\/v2\/users\/1"}],"replies":[{"embeddable":true,"href":"https:\/\/www.staffsocial.fr\/contenu\/wp-json\/wp\/v2\/comments?post=2703"}],"version-history":[{"count":5,"href":"https:\/\/www.staffsocial.fr\/contenu\/wp-json\/wp\/v2\/posts\/2703\/revisions"}],"predecessor-version":[{"id":6228,"href":"https:\/\/www.staffsocial.fr\/contenu\/wp-json\/wp\/v2\/posts\/2703\/revisions\/6228"}],"wp:attachment":[{"href":"https:\/\/www.staffsocial.fr\/contenu\/wp-json\/wp\/v2\/media?parent=2703"}],"wp:term":[{"taxonomy":"category","embeddable":true,"href":"https:\/\/www.staffsocial.fr\/contenu\/wp-json\/wp\/v2\/categories?post=2703"},{"taxonomy":"post_tag","embeddable":true,"href":"https:\/\/www.staffsocial.fr\/contenu\/wp-json\/wp\/v2\/tags?post=2703"}],"curies":[{"name":"wp","href":"https:\/\/api.w.org\/{rel}","templated":true}]}}